{"id":1185,"date":"2022-02-09T14:00:00","date_gmt":"2022-02-09T14:00:00","guid":{"rendered":"http:\/\/172.27.0.121\/?p=1185"},"modified":"2022-06-07T14:02:34","modified_gmt":"2022-06-07T14:02:34","slug":"presidente-maduro-lidera-jornada-de-la-gran-mision-transporte-venezuela","status":"publish","type":"post","link":"https:\/\/prensapresidencialvenezuela.gob.ve\/index.php\/2022\/02\/09\/presidente-maduro-lidera-jornada-de-la-gran-mision-transporte-venezuela\/","title":{"rendered":"Presidente Maduro lidera jornada de la Gran Misi\u00f3n Transporte Venezuela"},"content":{"rendered":"\n<p><strong>Fuerte Tiuna, Caracas.- <\/strong>El presidente de la Rep\u00fablica, Nicol\u00e1s Maduro Moros, celebra el tercer Aniversario de la Gran Misi\u00f3n Transporte Venezuela, pol\u00edtica destinada a brindar soluciones de movilidad al pueblo venezolano.<\/p>\n\n\n\n<p>La Gran Misi\u00f3n fue lanzada por el Jefe de Estado el 6 de febrero de 2019, concebida como una iniciativa para fortalecer la prestaci\u00f3n de servicios de transporte terrestre, acu\u00e1tico y a\u00e9reo.<\/p>\n\n\n\n<p>Cuenta con siete v\u00e9rtices de acci\u00f3n orientados&nbsp; a hacer una revoluci\u00f3n en el sistema de transporte nacional y mejorar su servicio. Ellos son:<\/p>\n\n\n\n<p>\u2013 El bienestar, la seguridad social, la atenci\u00f3n integral y el financiamiento para los transportistas de Venezuela.<\/p>\n\n\n\n<p>\u2013 Pasaje preferencial, ruta sociales y justas tarifas.\u2013 Sistema de compensaci\u00f3n para los transportistas.<\/p>\n\n\n\n<p>\u2013 Seguridad ciudadana para el transportista y usuarios.<\/p>\n\n\n\n<p>\u2013 Sistema educativo y de innovaci\u00f3n tecnol\u00f3gica del transporte p\u00fablico,.<\/p>\n\n\n\n<p>\u2013 Desarrollo del encadenamiento productivo, la distribuci\u00f3n y comercializaci\u00f3n de la industria automotriz nacional.<\/p>\n\n\n\n<p>En su fecha aniversario, el Mandatario nacional&nbsp; &nbsp;reconoci\u00f3 el esfuerzo y compromiso de los trabajadores de este sector. \u00abLa Gran Misi\u00f3n Transporte Venezuela cumple 3 a\u00f1os de esfuerzo, trabajo y compromiso por el Pueblo. Mi reconocimiento a los trabajadores y trabajadoras que a diario vencen el bloqueo imperial con sus capacidades innovadoras, para garantizar un sistema de transporte de calidad\u00bb, expres\u00f3 en su cuenta oficial en la red social Twitter @NicolasMaduro.<\/p>\n\n\n\n<p>El Dignatario se encuentra en compa\u00f1\u00eda de la Primera Combatiente de la Rep\u00fablica, Cilia Flores; el Vicepresidente Sectorial de Obras P\u00fablicas y Servicios, N\u00e9stor Reverol; el Ministro del Poder Popular para el Transporte, Hip\u00f3lito Abreu y el Presidente de la Empresa Aeron\u00e1utica Nacional, Julio C\u00e1rdenas.<\/p>\n\n\n\n<p><strong>Prensa Presidencial\/Karla Cotoret<\/strong><\/p>\n","protected":false},"excerpt":{"rendered":"<p>Fuerte Tiuna, Caracas.- El presidente de la Rep\u00fablica, Nicol\u00e1s Maduro Moros, celebra el tercer Aniversario de la Gran Misi\u00f3n Transporte Venezuela, pol\u00edtica destinada a brindar soluciones de movilidad al pueblo venezolano. La Gran Misi\u00f3n fue lanzada por el Jefe de Estado el 6 de febrero de 2019, concebida como una iniciativa para fortalecer la prestaci\u00f3n [&hellip;]<\/p>\n","protected":false},"author":6,"featured_media":1186,"comment_status":"open","ping_status":"open","sticky":false,"template":"","format":"standard","meta":{"footnotes":""},"categories":[7],"tags":[],"class_list":["post-1185","post","type-post","status-publish","format-standard","has-post-thumbnail","hentry","category-notas-de-prensa"],"_links":{"self":[{"href":"https:\/\/prensapresidencialvenezuela.gob.ve\/index.php\/wp-json\/wp\/v2\/posts\/1185","targetHints":{"allow":["GET"]}}],"collection":[{"href":"https:\/\/prensapresidencialvenezuela.gob.ve\/index.php\/wp-json\/wp\/v2\/posts"}],"about":[{"href":"https:\/\/prensapresidencialvenezuela.gob.ve\/index.php\/wp-json\/wp\/v2\/types\/post"}],"author":[{"embeddable":true,"href":"https:\/\/prensapresidencialvenezuela.gob.ve\/index.php\/wp-json\/wp\/v2\/users\/6"}],"replies":[{"embeddable":true,"href":"https:\/\/prensapresidencialvenezuela.gob.ve\/index.php\/wp-json\/wp\/v2\/comments?post=1185"}],"version-history":[{"count":1,"href":"https:\/\/prensapresidencialvenezuela.gob.ve\/index.php\/wp-json\/wp\/v2\/posts\/1185\/revisions"}],"predecessor-version":[{"id":1187,"href":"https:\/\/prensapresidencialvenezuela.gob.ve\/index.php\/wp-json\/wp\/v2\/posts\/1185\/revisions\/1187"}],"wp:featuredmedia":[{"embeddable":true,"href":"https:\/\/prensapresidencialvenezuela.gob.ve\/index.php\/wp-json\/wp\/v2\/media\/1186"}],"wp:attachment":[{"href":"https:\/\/prensapresidencialvenezuela.gob.ve\/index.php\/wp-json\/wp\/v2\/media?parent=1185"}],"wp:term":[{"taxonomy":"category","embeddable":true,"href":"https:\/\/prensapresidencialvenezuela.gob.ve\/index.php\/wp-json\/wp\/v2\/categories?post=1185"},{"taxonomy":"post_tag","embeddable":true,"href":"https:\/\/prensapresidencialvenezuela.gob.ve\/index.php\/wp-json\/wp\/v2\/tags?post=1185"}],"curies":[{"name":"wp","href":"https:\/\/api.w.org\/{rel}","templated":true}]}}