{"id":11924,"date":"2024-06-20T13:06:11","date_gmt":"2024-06-20T17:06:11","guid":{"rendered":"https:\/\/prensapresidencialvenezuela.gob.ve\/?p=11924"},"modified":"2024-06-25T18:32:01","modified_gmt":"2024-06-25T22:32:01","slug":"presidente-ratifica-que-firmo-acuerdo-politico-porque-respeta-la-constitucion","status":"publish","type":"post","link":"https:\/\/prensapresidencialvenezuela.gob.ve\/index.php\/2024\/06\/20\/presidente-ratifica-que-firmo-acuerdo-politico-porque-respeta-la-constitucion\/","title":{"rendered":"Presidente ratifica que firm\u00f3 acuerdo pol\u00edtico porque respeta la Constituci\u00f3n"},"content":{"rendered":"\n<p><strong>Municipio Maracaibo, estado Zulia.- <\/strong>El presidente de la Rep\u00fablica Bolivariana de Venezuela, Nicol\u00e1s Maduro, ratific\u00f3 que firm\u00f3 el acuerdo pol\u00edtico ante en Consejo Nacional Electoral (CNE), porque respeta la Constituci\u00f3n y las instituciones.<\/p>\n\n\n\n<p>\u201cPorque quiero paz para Venezuela\u201d as\u00ed respondi\u00f3 el jefe de Estado y candidato presidencial por las fuerzas revolucionarias, tras argumentar la raz\u00f3n por la cual <a><\/a>firm\u00f3 el Acuerdo de Reconocimiento de Resultados de la Elecci\u00f3n Presidencial del 28 de julio 2024.<\/p>\n\n\n\n<p>En una concentraci\u00f3n con el pueblo marabino, el Mandatario reafirm\u00f3 su confianza y fe en el pueblo venezolano, afirmando que no permitir\u00e1n violencia en la Naci\u00f3n.<\/p>\n\n\n\n<p>\u201cFirm\u00e9 porque tengo fe en ustedes, firm\u00e9 porque no voy a permitir guarimba y violencia en Venezuela ni antes, ni durante, ni despu\u00e9s del 28-julio-, el pueblo no puede permitir nuevas guarimbas \u00bfY ustedes saben por qu\u00e9 firm\u00e9? Porque respeto la Constituci\u00f3n, respeto a las instituciones\u201d, subray\u00f3.<\/p>\n\n\n\n<p>Durante la concentraci\u00f3n, el pueblo respondi\u00f3 con un \u201c\u00a1No!\u201d contundente al retorno de mecanismos que promuevan la guerra econ\u00f3mica y la guarimba, y a viva voz y al un\u00edsono, mujeres y hombres dijeron que apoyan al candidato de las fuerzas revolucionarias, porque \u201ces la garant\u00eda de la paz, estabilidad, prosperidad comercial y econ\u00f3mica\u201d.<\/p>\n\n\n\n<p>Asimismo, el presidente Maduro subray\u00f3 \u00abhe venido a proclamar en Maracaibo la m\u00e1xima uni\u00f3n de la fuerza chavista, bolivariana, independentista. \u201c(\u2026) Uni\u00f3n, uni\u00f3n del pueblo para gritarles a ellos (a los apellidos) : El pueblo unido jam\u00e1s ser\u00e1 vencido\u201d.<\/p>\n\n\n\n<p><strong>Prensa Presidencial \/ Eduardo Hueck<\/strong><\/p>\n","protected":false},"excerpt":{"rendered":"<p>Municipio Maracaibo, estado Zulia.- El presidente de la Rep\u00fablica Bolivariana de Venezuela, Nicol\u00e1s Maduro, ratific\u00f3 que firm\u00f3 el acuerdo pol\u00edtico ante en Consejo Nacional Electoral (CNE), porque respeta la Constituci\u00f3n y las instituciones. \u201cPorque quiero paz para Venezuela\u201d as\u00ed respondi\u00f3 el jefe de Estado y candidato presidencial por las fuerzas revolucionarias, tras argumentar la raz\u00f3n [&hellip;]<\/p>\n","protected":false},"author":4,"featured_media":11937,"comment_status":"open","ping_status":"open","sticky":false,"template":"","format":"standard","meta":{"footnotes":""},"categories":[18,7],"tags":[458,30,38,19,450,459,27,20],"class_list":["post-11924","post","type-post","status-publish","format-standard","has-post-thumbnail","hentry","category-noticias-principales","category-notas-de-prensa","tag-cne","tag-destacado","tag-diplomacia-bolivariana-de-paz","tag-nicolas-maduro","tag-politica","tag-politico","tag-revolucion-bolivariana","tag-venezuela"],"_links":{"self":[{"href":"https:\/\/prensapresidencialvenezuela.gob.ve\/index.php\/wp-json\/wp\/v2\/posts\/11924","targetHints":{"allow":["GET"]}}],"collection":[{"href":"https:\/\/prensapresidencialvenezuela.gob.ve\/index.php\/wp-json\/wp\/v2\/posts"}],"about":[{"href":"https:\/\/prensapresidencialvenezuela.gob.ve\/index.php\/wp-json\/wp\/v2\/types\/post"}],"author":[{"embeddable":true,"href":"https:\/\/prensapresidencialvenezuela.gob.ve\/index.php\/wp-json\/wp\/v2\/users\/4"}],"replies":[{"embeddable":true,"href":"https:\/\/prensapresidencialvenezuela.gob.ve\/index.php\/wp-json\/wp\/v2\/comments?post=11924"}],"version-history":[{"count":1,"href":"https:\/\/prensapresidencialvenezuela.gob.ve\/index.php\/wp-json\/wp\/v2\/posts\/11924\/revisions"}],"predecessor-version":[{"id":11931,"href":"https:\/\/prensapresidencialvenezuela.gob.ve\/index.php\/wp-json\/wp\/v2\/posts\/11924\/revisions\/11931"}],"wp:featuredmedia":[{"embeddable":true,"href":"https:\/\/prensapresidencialvenezuela.gob.ve\/index.php\/wp-json\/wp\/v2\/media\/11937"}],"wp:attachment":[{"href":"https:\/\/prensapresidencialvenezuela.gob.ve\/index.php\/wp-json\/wp\/v2\/media?parent=11924"}],"wp:term":[{"taxonomy":"category","embeddable":true,"href":"https:\/\/prensapresidencialvenezuela.gob.ve\/index.php\/wp-json\/wp\/v2\/categories?post=11924"},{"taxonomy":"post_tag","embeddable":true,"href":"https:\/\/prensapresidencialvenezuela.gob.ve\/index.php\/wp-json\/wp\/v2\/tags?post=11924"}],"curies":[{"name":"wp","href":"https:\/\/api.w.org\/{rel}","templated":true}]}}