{"id":1194,"date":"2022-02-10T14:08:00","date_gmt":"2022-02-10T14:08:00","guid":{"rendered":"http:\/\/172.27.0.121\/?p=1194"},"modified":"2022-06-07T14:09:49","modified_gmt":"2022-06-07T14:09:49","slug":"arterias-viales-contaran-con-servicios-de-patrullaje-y-asistencia-mecanica","status":"publish","type":"post","link":"https:\/\/prensapresidencialvenezuela.gob.ve\/index.php\/2022\/02\/10\/arterias-viales-contaran-con-servicios-de-patrullaje-y-asistencia-mecanica\/","title":{"rendered":"Arterias viales contar\u00e1n con servicios de patrullaje y asistencia mec\u00e1nica"},"content":{"rendered":"\n<p><strong>Fuerte Tiuna, Caracas.-<\/strong> A prop\u00f3sito del tercer aniversario de la Gran Misi\u00f3n Transporte Venezuela (GMTV), el presidente de la Rep\u00fablica Bolivariana de Venezuela, Nicol\u00e1s Maduro, instruy\u00f3 la instalaci\u00f3n de servicios de patrullaje y asistencia mec\u00e1nica e integral para todos los usuarios de las autopistas y v\u00edas principales del pa\u00eds.<\/p>\n\n\n\n<p>Desde Fuerte Tiuna, ubicado en Caracas y como parte de las pol\u00edticas que impulsa el Gobierno Bolivariano en materia de transporte, el Mandatario nacional orden\u00f3 tambi\u00e9n la recuperaci\u00f3n de unidades, mejorar los departamentos de mantenimiento, as\u00ed como tambi\u00e9n las rutas de planificaci\u00f3n del transporte.<\/p>\n\n\n\n<p>Al respecto insisti\u00f3 en que el poder pol\u00edtico debe servir para dar soluciones efectivas a la gente. \u201cNosotros no nos podemos convertir en una \u00e9lite alejada de la vida real del pueblo de a pie, tenemos que vivir la vida del pueblo de pie\u201d.<\/p>\n\n\n\n<p>En esa l\u00ednea, asegur\u00f3 que la uni\u00f3n de la clase obrera con la ciencia, permitir\u00e1 fortalecer y consolidar el sector transporte en el pa\u00eds.<\/p>\n\n\n\n<p>\u201cTodo es posible si tenemos ciencia. La mejor resistencia es construir y avanzar ante el imperialismo que nos agobia y nos persigue\u201d, acot\u00f3 el Dignatario venezolano.<\/p>\n\n\n\n<p><strong>Prensa Presidencial\/Joelin Jim\u00e9nez<\/strong><\/p>\n","protected":false},"excerpt":{"rendered":"<p>Fuerte Tiuna, Caracas.- A prop\u00f3sito del tercer aniversario de la Gran Misi\u00f3n Transporte Venezuela (GMTV), el presidente de la Rep\u00fablica Bolivariana de Venezuela, Nicol\u00e1s Maduro, instruy\u00f3 la instalaci\u00f3n de servicios de patrullaje y asistencia mec\u00e1nica e integral para todos los usuarios de las autopistas y v\u00edas principales del pa\u00eds. Desde Fuerte Tiuna, ubicado en Caracas [&hellip;]<\/p>\n","protected":false},"author":6,"featured_media":1195,"comment_status":"open","ping_status":"open","sticky":false,"template":"","format":"standard","meta":{"footnotes":""},"categories":[7],"tags":[],"class_list":["post-1194","post","type-post","status-publish","format-standard","has-post-thumbnail","hentry","category-notas-de-prensa"],"_links":{"self":[{"href":"https:\/\/prensapresidencialvenezuela.gob.ve\/index.php\/wp-json\/wp\/v2\/posts\/1194","targetHints":{"allow":["GET"]}}],"collection":[{"href":"https:\/\/prensapresidencialvenezuela.gob.ve\/index.php\/wp-json\/wp\/v2\/posts"}],"about":[{"href":"https:\/\/prensapresidencialvenezuela.gob.ve\/index.php\/wp-json\/wp\/v2\/types\/post"}],"author":[{"embeddable":true,"href":"https:\/\/prensapresidencialvenezuela.gob.ve\/index.php\/wp-json\/wp\/v2\/users\/6"}],"replies":[{"embeddable":true,"href":"https:\/\/prensapresidencialvenezuela.gob.ve\/index.php\/wp-json\/wp\/v2\/comments?post=1194"}],"version-history":[{"count":1,"href":"https:\/\/prensapresidencialvenezuela.gob.ve\/index.php\/wp-json\/wp\/v2\/posts\/1194\/revisions"}],"predecessor-version":[{"id":1196,"href":"https:\/\/prensapresidencialvenezuela.gob.ve\/index.php\/wp-json\/wp\/v2\/posts\/1194\/revisions\/1196"}],"wp:featuredmedia":[{"embeddable":true,"href":"https:\/\/prensapresidencialvenezuela.gob.ve\/index.php\/wp-json\/wp\/v2\/media\/1195"}],"wp:attachment":[{"href":"https:\/\/prensapresidencialvenezuela.gob.ve\/index.php\/wp-json\/wp\/v2\/media?parent=1194"}],"wp:term":[{"taxonomy":"category","embeddable":true,"href":"https:\/\/prensapresidencialvenezuela.gob.ve\/index.php\/wp-json\/wp\/v2\/categories?post=1194"},{"taxonomy":"post_tag","embeddable":true,"href":"https:\/\/prensapresidencialvenezuela.gob.ve\/index.php\/wp-json\/wp\/v2\/tags?post=1194"}],"curies":[{"name":"wp","href":"https:\/\/api.w.org\/{rel}","templated":true}]}}