{"id":11966,"date":"2024-06-21T14:31:31","date_gmt":"2024-06-21T18:31:31","guid":{"rendered":"https:\/\/prensapresidencialvenezuela.gob.ve\/?p=11966"},"modified":"2024-06-25T18:30:42","modified_gmt":"2024-06-25T22:30:42","slug":"presidente-en-seminario-internacional-tomamos-el-camino-del-crecimiento-economico","status":"publish","type":"post","link":"https:\/\/prensapresidencialvenezuela.gob.ve\/index.php\/2024\/06\/21\/presidente-en-seminario-internacional-tomamos-el-camino-del-crecimiento-economico\/","title":{"rendered":"Presidente en seminario internacional: Tomamos el camino del crecimiento econ\u00f3mico"},"content":{"rendered":"\n<p><strong>Palacio de Miraflores, Caracas.- <\/strong>El presidente de la Rep\u00fablica Bolivariana de Venezuela, Nicol\u00e1s Maduro, particip\u00f3 v\u00eda telef\u00f3nica en el Seminario Internacional de Desarrollo Econ\u00f3mico, que se celebra este viernes desde el Teatro Teresa Carre\u00f1o, en la ciudad Capital, con invitados especiales de varios pa\u00edses.<\/p>\n\n\n\n<p>En su intervenci\u00f3n, el Mandatario venezolano afirm\u00f3 que dicho Seminario Internacional <a><\/a>de Desarrollo Econ\u00f3mico \u201cviene a nutrir a nuestro pa\u00eds, para este periodo de construcci\u00f3n, donde tenemos una nueva econom\u00eda\u201d.<\/p>\n\n\n\n<p>\u201cEn Venezuela tenemos una nueva econom\u00eda que hemos llamado econom\u00eda diversificada, para satisfacer las necesidades internas y la vida de nuestro pa\u00eds, que produzca riqueza f\u00edsica y monetaria, que permita cumplir los objetivos de la econom\u00eda. Tuvimos una crisis provocada, una Guerra Econ\u00f3mica, donde vimos los anaqueles vac\u00edos, pero eso se acab\u00f3 para siempre\u201d, destac\u00f3.<\/p>\n\n\n\n<p>El presidente Maduro resalt\u00f3 que uno de los objetivos de una econom\u00eda es satisfacer las necesidades humanas de la sociedad y los derechos sociales, como lo contempla nuestra Constituci\u00f3n, enmarcado en un modelo humanista.<\/p>\n\n\n\n<p>\u201cHemos pasado por una Guerra Econ\u00f3mica que nos ha hecho de todo, pero no pudieron con nosotros ni podr\u00e1n, ya tomamos el camino del crecimiento, de un nuevo modelo y hemos logrado cifras r\u00e9cord y milagrosas en producci\u00f3n de alimentos, de abastecimiento del mercado interno\u201d.<\/p>\n\n\n\n<p>El jefe de Estado venezolano indic\u00f3 que el Gobierno Bolivariano est\u00e1 dando respuestas en la producci\u00f3n nacional sustentable, no dependiente del chorro petrolero.<\/p>\n\n\n\n<p>\u201cHemos desacelerado la inflaci\u00f3n y Venezuela este a\u00f1o est\u00e1 teniendo la cifra de inflaci\u00f3n m\u00e1s baja con crecimiento econ\u00f3mico real, de una econom\u00eda no petrolera, aqu\u00ed estamos en crecimiento econ\u00f3mico y distribuci\u00f3n de la riqueza en inversi\u00f3n en vivienda, salud p\u00fablica, ingreso de los trabajadores, mejor\u00eda de las pensiones, resurgiendo como el ave f\u00e9nix\u201d.<\/p>\n\n\n\n<p>Reiter\u00f3 que las potencias extranjeras quisieron repartirse a Venezuela, pero no pudieron, ni podr\u00e1n jam\u00e1s con el pueblo de Venezuela.<\/p>\n\n\n\n<p><strong>Prensa Presidencial\/Orlando Ru\u00edz<\/strong><\/p>\n","protected":false},"excerpt":{"rendered":"<p>Palacio de Miraflores, Caracas.- El presidente de la Rep\u00fablica Bolivariana de Venezuela, Nicol\u00e1s Maduro, particip\u00f3 v\u00eda telef\u00f3nica en el Seminario Internacional de Desarrollo Econ\u00f3mico, que se celebra este viernes desde el Teatro Teresa Carre\u00f1o, en la ciudad Capital, con invitados especiales de varios pa\u00edses. En su intervenci\u00f3n, el Mandatario venezolano afirm\u00f3 que dicho Seminario Internacional [&hellip;]<\/p>\n","protected":false},"author":4,"featured_media":11967,"comment_status":"open","ping_status":"open","sticky":false,"template":"","format":"standard","meta":{"footnotes":""},"categories":[18,7],"tags":[30,21,19,27,20],"class_list":["post-11966","post","type-post","status-publish","format-standard","has-post-thumbnail","hentry","category-noticias-principales","category-notas-de-prensa","tag-destacado","tag-economia-venezolana","tag-nicolas-maduro","tag-revolucion-bolivariana","tag-venezuela"],"_links":{"self":[{"href":"https:\/\/prensapresidencialvenezuela.gob.ve\/index.php\/wp-json\/wp\/v2\/posts\/11966","targetHints":{"allow":["GET"]}}],"collection":[{"href":"https:\/\/prensapresidencialvenezuela.gob.ve\/index.php\/wp-json\/wp\/v2\/posts"}],"about":[{"href":"https:\/\/prensapresidencialvenezuela.gob.ve\/index.php\/wp-json\/wp\/v2\/types\/post"}],"author":[{"embeddable":true,"href":"https:\/\/prensapresidencialvenezuela.gob.ve\/index.php\/wp-json\/wp\/v2\/users\/4"}],"replies":[{"embeddable":true,"href":"https:\/\/prensapresidencialvenezuela.gob.ve\/index.php\/wp-json\/wp\/v2\/comments?post=11966"}],"version-history":[{"count":1,"href":"https:\/\/prensapresidencialvenezuela.gob.ve\/index.php\/wp-json\/wp\/v2\/posts\/11966\/revisions"}],"predecessor-version":[{"id":11968,"href":"https:\/\/prensapresidencialvenezuela.gob.ve\/index.php\/wp-json\/wp\/v2\/posts\/11966\/revisions\/11968"}],"wp:featuredmedia":[{"embeddable":true,"href":"https:\/\/prensapresidencialvenezuela.gob.ve\/index.php\/wp-json\/wp\/v2\/media\/11967"}],"wp:attachment":[{"href":"https:\/\/prensapresidencialvenezuela.gob.ve\/index.php\/wp-json\/wp\/v2\/media?parent=11966"}],"wp:term":[{"taxonomy":"category","embeddable":true,"href":"https:\/\/prensapresidencialvenezuela.gob.ve\/index.php\/wp-json\/wp\/v2\/categories?post=11966"},{"taxonomy":"post_tag","embeddable":true,"href":"https:\/\/prensapresidencialvenezuela.gob.ve\/index.php\/wp-json\/wp\/v2\/tags?post=11966"}],"curies":[{"name":"wp","href":"https:\/\/api.w.org\/{rel}","templated":true}]}}