{"id":1197,"date":"2022-02-10T14:10:00","date_gmt":"2022-02-10T14:10:00","guid":{"rendered":"http:\/\/172.27.0.121\/?p=1197"},"modified":"2022-06-07T14:11:32","modified_gmt":"2022-06-07T14:11:32","slug":"proyecto-tren-tuy-aumentara-flota-de-la-linea-caracas-cua","status":"publish","type":"post","link":"https:\/\/prensapresidencialvenezuela.gob.ve\/index.php\/2022\/02\/10\/proyecto-tren-tuy-aumentara-flota-de-la-linea-caracas-cua\/","title":{"rendered":"Proyecto Tren Tuy aumentar\u00e1 flota de la l\u00ednea Caracas-C\u00faa"},"content":{"rendered":"\n<p><strong>Fuerte Tiuna, Caracas.-<\/strong> Con el prop\u00f3sito del mejorar la calidad del servicio, elevar la flota y disponibilidad del material rodante en la l\u00ednea Caracas-C\u00faa se despleg\u00f3 el Proyecto Tren Tuy, ejecutado por la clase obrera del Instituto de Ferrocarriles del Estado (IFE).<\/p>\n\n\n\n<p>La iniciativa que apunta a romper con la dependencia transnacional, hasta el momento, suma dos unidades recuperadas que ser\u00e1n incorporadas a la operaci\u00f3n ferroviaria, lo que permitir\u00e1 aumentar la confiabilidad y disminuir los tiempos de espera en la estaci\u00f3n.<\/p>\n\n\n\n<p>El Proyecto Tren Tuy est\u00e1 caracterizado por la revisi\u00f3n, desmontaje y mejoramiento de los sistemas el\u00e9ctricos, mec\u00e1nicos, sistema neum\u00e1tico, sistema de tracci\u00f3n-frenado y sistema de aire acondicionado que comprenden los trenes.<\/p>\n\n\n\n<p>Por su parte, el Jefe de Estado y Gobierno, Nicol\u00e1s Maduro, extendi\u00f3 sus felicitaciones a la clase obrera para vencer los obst\u00e1culos ocasionados por las maniobras ilegales que pretenden doblegar al pueblo venezolano.<\/p>\n\n\n\n<p>\u201cLa mejor forma de resistir es construir, producir e innovar, conseguir soluciones a trav\u00e9s de la ciencia, la tecnolog\u00eda, la inventiva, la innovaci\u00f3n, el conocimiento cient\u00edfico\u201d, subray\u00f3.<\/p>\n\n\n\n<p><strong>Prensa Presidencial\/Eduardo Hueck<\/strong><\/p>\n","protected":false},"excerpt":{"rendered":"<p>Fuerte Tiuna, Caracas.- Con el prop\u00f3sito del mejorar la calidad del servicio, elevar la flota y disponibilidad del material rodante en la l\u00ednea Caracas-C\u00faa se despleg\u00f3 el Proyecto Tren Tuy, ejecutado por la clase obrera del Instituto de Ferrocarriles del Estado (IFE). La iniciativa que apunta a romper con la dependencia transnacional, hasta el momento, [&hellip;]<\/p>\n","protected":false},"author":6,"featured_media":1198,"comment_status":"open","ping_status":"open","sticky":false,"template":"","format":"standard","meta":{"footnotes":""},"categories":[7],"tags":[],"class_list":["post-1197","post","type-post","status-publish","format-standard","has-post-thumbnail","hentry","category-notas-de-prensa"],"_links":{"self":[{"href":"https:\/\/prensapresidencialvenezuela.gob.ve\/index.php\/wp-json\/wp\/v2\/posts\/1197","targetHints":{"allow":["GET"]}}],"collection":[{"href":"https:\/\/prensapresidencialvenezuela.gob.ve\/index.php\/wp-json\/wp\/v2\/posts"}],"about":[{"href":"https:\/\/prensapresidencialvenezuela.gob.ve\/index.php\/wp-json\/wp\/v2\/types\/post"}],"author":[{"embeddable":true,"href":"https:\/\/prensapresidencialvenezuela.gob.ve\/index.php\/wp-json\/wp\/v2\/users\/6"}],"replies":[{"embeddable":true,"href":"https:\/\/prensapresidencialvenezuela.gob.ve\/index.php\/wp-json\/wp\/v2\/comments?post=1197"}],"version-history":[{"count":1,"href":"https:\/\/prensapresidencialvenezuela.gob.ve\/index.php\/wp-json\/wp\/v2\/posts\/1197\/revisions"}],"predecessor-version":[{"id":1199,"href":"https:\/\/prensapresidencialvenezuela.gob.ve\/index.php\/wp-json\/wp\/v2\/posts\/1197\/revisions\/1199"}],"wp:featuredmedia":[{"embeddable":true,"href":"https:\/\/prensapresidencialvenezuela.gob.ve\/index.php\/wp-json\/wp\/v2\/media\/1198"}],"wp:attachment":[{"href":"https:\/\/prensapresidencialvenezuela.gob.ve\/index.php\/wp-json\/wp\/v2\/media?parent=1197"}],"wp:term":[{"taxonomy":"category","embeddable":true,"href":"https:\/\/prensapresidencialvenezuela.gob.ve\/index.php\/wp-json\/wp\/v2\/categories?post=1197"},{"taxonomy":"post_tag","embeddable":true,"href":"https:\/\/prensapresidencialvenezuela.gob.ve\/index.php\/wp-json\/wp\/v2\/tags?post=1197"}],"curies":[{"name":"wp","href":"https:\/\/api.w.org\/{rel}","templated":true}]}}