{"id":11985,"date":"2024-06-21T19:52:05","date_gmt":"2024-06-21T23:52:05","guid":{"rendered":"https:\/\/prensapresidencialvenezuela.gob.ve\/?p=11985"},"modified":"2024-06-25T18:23:05","modified_gmt":"2024-06-25T22:23:05","slug":"presidente-maduro-inauguro-tramo-hugo-chavez-de-la-autopista-bicentenaria-en-nueva-esparta","status":"publish","type":"post","link":"https:\/\/prensapresidencialvenezuela.gob.ve\/index.php\/2024\/06\/21\/presidente-maduro-inauguro-tramo-hugo-chavez-de-la-autopista-bicentenaria-en-nueva-esparta\/","title":{"rendered":"Presidente Maduro inaugur\u00f3 tramo Hugo Ch\u00e1vez de la autopista Bicentenaria en Nueva Esparta"},"content":{"rendered":"\n<p><strong>Pampatar, municipio Maneiro, estado Nueva Esparta.-<\/strong> A bordo del veh\u00edculo Tiuna y acompa\u00f1ado de una multitudinaria concentraci\u00f3n, el Presidente de la Rep\u00fablica Nicol\u00e1s Maduro, inaugur\u00f3 el tramo Hugo Ch\u00e1vez de 1.6 kil\u00f3metros en la Autopista Bicentenaria de Nueva Esparta.<\/p>\n\n\n\n<p>Saludando al pueblo amoroso que gritaba \u00a1Nico, Nico Nico! El jefe de Estado expres\u00f3 en medio de un fresco viento y en <a><\/a>marcha combatiente hacia la victoria ya entrada la noche su saludo a los habitantes.<\/p>\n\n\n\n<p>\u201cMis saludos a todos. Venimos a entregar la continuaci\u00f3n de esta autopista que lleva el nombre del Comandante Hugo Ch\u00e1vez, desde aqu\u00ed de la entrada de Santa Ana, hasta El Cercado,para ustedes, y luego de El Cercado hasta Tacarigua, cuatro kil\u00f3metros m\u00e1s y de ah\u00ed pa\u2019lante. Haciendo mucho, haciendo much\u00edsimo, derrotando las sanciones\u201d, mientras la multitud de pueblo desbordado en la v\u00eda acompa\u00f1ado de los caballos de hierro, le segu\u00edan, siendo captados por el presidente Maduro a trav\u00e9s de su cuenta en la red social TikTok.<\/p>\n\n\n\n<p>El tramo inaugurado cuenta con cuatro canales, dos en cada sentido, as\u00ed como servicios de iluminaci\u00f3n, se\u00f1alizaci\u00f3n, ornato y vegetaci\u00f3n y viene a dar respuesta a la comunicaci\u00f3n vial que conecta al pueblo.<\/p>\n\n\n\n<p><strong>Prensa Presidencial \/ Yndira L\u00f3pez<\/strong><\/p>\n","protected":false},"excerpt":{"rendered":"<p>Pampatar, municipio Maneiro, estado Nueva Esparta.- A bordo del veh\u00edculo Tiuna y acompa\u00f1ado de una multitudinaria concentraci\u00f3n, el Presidente de la Rep\u00fablica Nicol\u00e1s Maduro, inaugur\u00f3 el tramo Hugo Ch\u00e1vez de 1.6 kil\u00f3metros en la Autopista Bicentenaria de Nueva Esparta. Saludando al pueblo amoroso que gritaba \u00a1Nico, Nico Nico! El jefe de Estado expres\u00f3 en medio [&hellip;]<\/p>\n","protected":false},"author":4,"featured_media":11986,"comment_status":"open","ping_status":"open","sticky":false,"template":"","format":"standard","meta":{"footnotes":""},"categories":[18,7],"tags":[30,19,27,20],"class_list":["post-11985","post","type-post","status-publish","format-standard","has-post-thumbnail","hentry","category-noticias-principales","category-notas-de-prensa","tag-destacado","tag-nicolas-maduro","tag-revolucion-bolivariana","tag-venezuela"],"_links":{"self":[{"href":"https:\/\/prensapresidencialvenezuela.gob.ve\/index.php\/wp-json\/wp\/v2\/posts\/11985","targetHints":{"allow":["GET"]}}],"collection":[{"href":"https:\/\/prensapresidencialvenezuela.gob.ve\/index.php\/wp-json\/wp\/v2\/posts"}],"about":[{"href":"https:\/\/prensapresidencialvenezuela.gob.ve\/index.php\/wp-json\/wp\/v2\/types\/post"}],"author":[{"embeddable":true,"href":"https:\/\/prensapresidencialvenezuela.gob.ve\/index.php\/wp-json\/wp\/v2\/users\/4"}],"replies":[{"embeddable":true,"href":"https:\/\/prensapresidencialvenezuela.gob.ve\/index.php\/wp-json\/wp\/v2\/comments?post=11985"}],"version-history":[{"count":1,"href":"https:\/\/prensapresidencialvenezuela.gob.ve\/index.php\/wp-json\/wp\/v2\/posts\/11985\/revisions"}],"predecessor-version":[{"id":11987,"href":"https:\/\/prensapresidencialvenezuela.gob.ve\/index.php\/wp-json\/wp\/v2\/posts\/11985\/revisions\/11987"}],"wp:featuredmedia":[{"embeddable":true,"href":"https:\/\/prensapresidencialvenezuela.gob.ve\/index.php\/wp-json\/wp\/v2\/media\/11986"}],"wp:attachment":[{"href":"https:\/\/prensapresidencialvenezuela.gob.ve\/index.php\/wp-json\/wp\/v2\/media?parent=11985"}],"wp:term":[{"taxonomy":"category","embeddable":true,"href":"https:\/\/prensapresidencialvenezuela.gob.ve\/index.php\/wp-json\/wp\/v2\/categories?post=11985"},{"taxonomy":"post_tag","embeddable":true,"href":"https:\/\/prensapresidencialvenezuela.gob.ve\/index.php\/wp-json\/wp\/v2\/tags?post=11985"}],"curies":[{"name":"wp","href":"https:\/\/api.w.org\/{rel}","templated":true}]}}