{"id":1200,"date":"2022-02-10T14:11:00","date_gmt":"2022-02-10T14:11:00","guid":{"rendered":"http:\/\/172.27.0.121\/?p=1200"},"modified":"2022-06-07T14:18:11","modified_gmt":"2022-06-07T14:18:11","slug":"en-30-dias-deberan-presentar-plan-de-reimpulso-del-metro-cable","status":"publish","type":"post","link":"https:\/\/prensapresidencialvenezuela.gob.ve\/index.php\/2022\/02\/10\/en-30-dias-deberan-presentar-plan-de-reimpulso-del-metro-cable\/","title":{"rendered":"En 30 d\u00edas deber\u00e1n presentar plan de reimpulso del Metro Cable"},"content":{"rendered":"\n<p><strong>Fuerte Tiuna, Caracas.-<\/strong> En un plazo de 30 d\u00edas, las autoridades vinculadas al sector Transporte y Servicios P\u00fablicos deber\u00e1n presentar un proyecto para retomar las obras del Metro Cable, orden\u00f3 el presidente de la Rep\u00fablica, Nicol\u00e1s Maduro.<\/p>\n\n\n\n<p>Desde Fuerte Tiuna, en Caracas, instruy\u00f3 la revisi\u00f3n de las capacidades para que \u201cpodamos fundar una empresa de Metro Cable con tecnolog\u00eda, inversi\u00f3n y capacidad productiva propia venezolana\u201d en alianza con el sector privado nacional e internacional.<\/p>\n\n\n\n<p>\u201cLes pido que en 30 d\u00edas me elaboren un proyecto de arranque de esta idea para retomar el sue\u00f1o del Comandante Ch\u00e1vez\u201d, recalc\u00f3 durante el acto del tercer aniversario de la Gran Misi\u00f3n Transporte Venezuela (GMTV).<\/p>\n\n\n\n<p>En este contexto y a trav\u00e9s de un enlace televisivo a la parroquia San Agust\u00edn, el Dignatario resalt\u00f3 el trabajo de mantenimiento que se realiza en el sistema Metro Cable, que constituye una alternativa de movilizaci\u00f3n segura, r\u00e1pida y eficiente para los habitantes de la zona popular de la capital.<\/p>\n\n\n\n<p>El Gobierno Bolivariano se propone romper con la estructura de dependencia de transnacionales, a trav\u00e9s de la participaci\u00f3n protag\u00f3nica de la clase obrera comprometida en la consolidaci\u00f3n de la soberan\u00eda tecnol\u00f3gica nacional, con ingenier\u00eda y mano de obra 100 por ciento venezolana.<\/p>\n\n\n\n<p>Es importante destacar, que el mantenimiento mayor se realiza en el tramo 1, compuesto por 6 torres del sistema, as\u00ed como tambi\u00e9n al tramo elevado del Cable Tren Bolivariano y las 32 torres del Metro Cable Mariche. Se prev\u00e9 que para el mes de abril culminen las labores de mantenimiento.<\/p>\n\n\n\n<p><strong>Piezas y autopartes con sello venezolano<\/strong><\/p>\n\n\n\n<p>Desde el estado Carabobo se inici\u00f3 el proyecto de la l\u00ednea de producci\u00f3n de chasis para unidades de transporte p\u00fablico, cuyo prop\u00f3sito es fabricar piezas y autopartes con mano de obra nacional.<\/p>\n\n\n\n<p>Esta producci\u00f3n de piezas y autopartes busca beneficiar a las rutas troncales con capacidad para 16 puestos.<\/p>\n\n\n\n<p>Este proyecto es posible gracias a la Alianza Estrat\u00e9gica con Carrocer\u00edas Michelena C.A., recursos propios, financiamiento de la banca y participaci\u00f3n de la empresa privada.<\/p>\n\n\n\n<p><strong>Prensa Presidencial\/Joelin Jim\u00e9nez<\/strong><\/p>\n","protected":false},"excerpt":{"rendered":"<p>Fuerte Tiuna, Caracas.- En un plazo de 30 d\u00edas, las autoridades vinculadas al sector Transporte y Servicios P\u00fablicos deber\u00e1n presentar un proyecto para retomar las obras del Metro Cable, orden\u00f3 el presidente de la Rep\u00fablica, Nicol\u00e1s Maduro. Desde Fuerte Tiuna, en Caracas, instruy\u00f3 la revisi\u00f3n de las capacidades para que \u201cpodamos fundar una empresa de [&hellip;]<\/p>\n","protected":false},"author":6,"featured_media":1201,"comment_status":"open","ping_status":"open","sticky":false,"template":"","format":"standard","meta":{"footnotes":""},"categories":[7],"tags":[],"class_list":["post-1200","post","type-post","status-publish","format-standard","has-post-thumbnail","hentry","category-notas-de-prensa"],"_links":{"self":[{"href":"https:\/\/prensapresidencialvenezuela.gob.ve\/index.php\/wp-json\/wp\/v2\/posts\/1200","targetHints":{"allow":["GET"]}}],"collection":[{"href":"https:\/\/prensapresidencialvenezuela.gob.ve\/index.php\/wp-json\/wp\/v2\/posts"}],"about":[{"href":"https:\/\/prensapresidencialvenezuela.gob.ve\/index.php\/wp-json\/wp\/v2\/types\/post"}],"author":[{"embeddable":true,"href":"https:\/\/prensapresidencialvenezuela.gob.ve\/index.php\/wp-json\/wp\/v2\/users\/6"}],"replies":[{"embeddable":true,"href":"https:\/\/prensapresidencialvenezuela.gob.ve\/index.php\/wp-json\/wp\/v2\/comments?post=1200"}],"version-history":[{"count":1,"href":"https:\/\/prensapresidencialvenezuela.gob.ve\/index.php\/wp-json\/wp\/v2\/posts\/1200\/revisions"}],"predecessor-version":[{"id":1202,"href":"https:\/\/prensapresidencialvenezuela.gob.ve\/index.php\/wp-json\/wp\/v2\/posts\/1200\/revisions\/1202"}],"wp:featuredmedia":[{"embeddable":true,"href":"https:\/\/prensapresidencialvenezuela.gob.ve\/index.php\/wp-json\/wp\/v2\/media\/1201"}],"wp:attachment":[{"href":"https:\/\/prensapresidencialvenezuela.gob.ve\/index.php\/wp-json\/wp\/v2\/media?parent=1200"}],"wp:term":[{"taxonomy":"category","embeddable":true,"href":"https:\/\/prensapresidencialvenezuela.gob.ve\/index.php\/wp-json\/wp\/v2\/categories?post=1200"},{"taxonomy":"post_tag","embeddable":true,"href":"https:\/\/prensapresidencialvenezuela.gob.ve\/index.php\/wp-json\/wp\/v2\/tags?post=1200"}],"curies":[{"name":"wp","href":"https:\/\/api.w.org\/{rel}","templated":true}]}}