{"id":12010,"date":"2024-06-24T23:41:36","date_gmt":"2024-06-25T03:41:36","guid":{"rendered":"https:\/\/prensapresidencialvenezuela.gob.ve\/?p=12010"},"modified":"2024-06-24T23:41:36","modified_gmt":"2024-06-25T03:41:36","slug":"203-anos-cumple-la-gloriosa-batalla-de-carabobo","status":"publish","type":"post","link":"https:\/\/prensapresidencialvenezuela.gob.ve\/index.php\/2024\/06\/24\/203-anos-cumple-la-gloriosa-batalla-de-carabobo\/","title":{"rendered":"203 a\u00f1os cumple la gloriosa Batalla de Carabobo"},"content":{"rendered":"\n<p><\/p>\n\n\n\n<p><strong>Palacio de Miraflores, Caracas.- <\/strong>Este 24 de junio se cumplen 203 a\u00f1os de la gloriosa Batalla de Carabobo,gesta heroica que marc\u00f3 un antes y un despu\u00e9s en la historia pol\u00edtica y social de Venezuela.<\/p>\n\n\n\n<p>Al celebrar un nuevo aniversario de esta Batalla protagonizada en la sabana de Carabobo entre los ej\u00e9rcitos patriotas y realista, el pueblo de Venezuela honra esta memorable fecha que fue, es y ser\u00e1 nuestra magistral epopeya, <a><\/a>nuestra \u00e9pica y nuestra gloria independentista.<\/p>\n\n\n\n<p>En esa contienda Bol\u00edvar, al mando de un ej\u00e9rcito patriota de 6.000 soldados, logra la gran haza\u00f1a al derrotar al contingente realista dirigido por el Mariscal de Campo Miguel de La Torre, conformado por 6.500 soldados enemigos.<\/p>\n\n\n\n<p>En esta batalla adem\u00e1s de Sim\u00f3n Bol\u00edvar dirigiendo desde el Cerro Buena Vista las principales estrategias de acci\u00f3n para derrotar al enemigo realista, se encontraban Generales de la talla de Jos\u00e9 Antonio P\u00e1ez, Ambrosio Plaza y Manuel Cede\u00f1o, comandando tres importantes divisiones de guerra abierta en plena sabana de Carabobo.<\/p>\n\n\n\n<p>Esta Batalla dur\u00f3 aproximadamente dos a tres horas, comenzando desde la una y media de la tarde, cuando los repiques de tambor, banderas, escudos, armas, lanzas, bayonetas y el repique del clar\u00edn a grito alzado, anunciaban el inicio de la confrontaci\u00f3n armada. En dicho encuentro cayeron bajo las balas enemigas los Generales Ambrosio Plaza y Manuel Cede\u00f1o, al igual que Pedro Camejo, conocido como el negro primero.<\/p>\n\n\n\n<p>La batalla de Carabobo es hoy por hoy nuestro sello patrio y un s\u00edmbolo de libertad entre todos los venezolanos, pues determin\u00f3 nuestra emancipaci\u00f3n del yugo espa\u00f1ol, que ven\u00eda dominando a Venezuela a trav\u00e9s de una Monarqu\u00eda cruel e injusta, implementando en nuestro pa\u00eds una Capitan\u00eda General.<\/p>\n\n\n\n<p>La Batalla de Carabobo adem\u00e1s de ser nuestra principal gesta heroica en la lucha independentista que marc\u00f3 el fin del sometimiento espa\u00f1ol y nuestra libertad junto a la Batalla Naval del Lago de Maracaibo, cerraron el ciclo de las acciones militares enemigas y aceleraron el fin del dominio espa\u00f1ol, incluso en toda Am\u00e9rica Latina, estimulando igualmente el proceso emancipador de los pueblos de Am\u00e9rica, y elevando a nuestros soldados a verdaderos h\u00e9roes y pr\u00f3ceres, donde Bol\u00edvar ocupa un lugar primario no s\u00f3lo como libertador sino como s\u00edmbolo inmortal y Padre de la Patria.<\/p>\n\n\n\n<p><strong>Prensa Presidencial\/ Orlando Ru\u00edz<\/strong><\/p>\n","protected":false},"excerpt":{"rendered":"<p>Palacio de Miraflores, Caracas.- Este 24 de junio se cumplen 203 a\u00f1os de la gloriosa Batalla de Carabobo,gesta heroica que marc\u00f3 un antes y un despu\u00e9s en la historia pol\u00edtica y social de Venezuela. Al celebrar un nuevo aniversario de esta Batalla protagonizada en la sabana de Carabobo entre los ej\u00e9rcitos patriotas y realista, el [&hellip;]<\/p>\n","protected":false},"author":4,"featured_media":12016,"comment_status":"open","ping_status":"open","sticky":false,"template":"","format":"standard","meta":{"footnotes":""},"categories":[18,28],"tags":[19,27,20],"class_list":["post-12010","post","type-post","status-publish","format-standard","has-post-thumbnail","hentry","category-noticias-principales","category-imagenes-del-dia","tag-nicolas-maduro","tag-revolucion-bolivariana","tag-venezuela"],"_links":{"self":[{"href":"https:\/\/prensapresidencialvenezuela.gob.ve\/index.php\/wp-json\/wp\/v2\/posts\/12010","targetHints":{"allow":["GET"]}}],"collection":[{"href":"https:\/\/prensapresidencialvenezuela.gob.ve\/index.php\/wp-json\/wp\/v2\/posts"}],"about":[{"href":"https:\/\/prensapresidencialvenezuela.gob.ve\/index.php\/wp-json\/wp\/v2\/types\/post"}],"author":[{"embeddable":true,"href":"https:\/\/prensapresidencialvenezuela.gob.ve\/index.php\/wp-json\/wp\/v2\/users\/4"}],"replies":[{"embeddable":true,"href":"https:\/\/prensapresidencialvenezuela.gob.ve\/index.php\/wp-json\/wp\/v2\/comments?post=12010"}],"version-history":[{"count":1,"href":"https:\/\/prensapresidencialvenezuela.gob.ve\/index.php\/wp-json\/wp\/v2\/posts\/12010\/revisions"}],"predecessor-version":[{"id":12017,"href":"https:\/\/prensapresidencialvenezuela.gob.ve\/index.php\/wp-json\/wp\/v2\/posts\/12010\/revisions\/12017"}],"wp:featuredmedia":[{"embeddable":true,"href":"https:\/\/prensapresidencialvenezuela.gob.ve\/index.php\/wp-json\/wp\/v2\/media\/12016"}],"wp:attachment":[{"href":"https:\/\/prensapresidencialvenezuela.gob.ve\/index.php\/wp-json\/wp\/v2\/media?parent=12010"}],"wp:term":[{"taxonomy":"category","embeddable":true,"href":"https:\/\/prensapresidencialvenezuela.gob.ve\/index.php\/wp-json\/wp\/v2\/categories?post=12010"},{"taxonomy":"post_tag","embeddable":true,"href":"https:\/\/prensapresidencialvenezuela.gob.ve\/index.php\/wp-json\/wp\/v2\/tags?post=12010"}],"curies":[{"name":"wp","href":"https:\/\/api.w.org\/{rel}","templated":true}]}}