{"id":12030,"date":"2024-06-24T14:12:46","date_gmt":"2024-06-24T18:12:46","guid":{"rendered":"https:\/\/prensapresidencialvenezuela.gob.ve\/?p=12030"},"modified":"2024-06-25T17:11:44","modified_gmt":"2024-06-25T21:11:44","slug":"presidente-decreta-grado-de-general-del-pueblo-soberano-el-de-mayor-nivel-en-la-fanb","status":"publish","type":"post","link":"https:\/\/prensapresidencialvenezuela.gob.ve\/index.php\/2024\/06\/24\/presidente-decreta-grado-de-general-del-pueblo-soberano-el-de-mayor-nivel-en-la-fanb\/","title":{"rendered":"Presidente decreta grado de General del Pueblo Soberano, el de mayor nivel en la FANB"},"content":{"rendered":"\n<p><strong>Campo de Carabobo, estado Carabobo.- <\/strong>A partir de hoy \u201cpara premiar los m\u00e9ritos de l\u00edderes aut\u00e9nticos, vamos a agregar en homenaje a (Ezequiel) Zamora el Grado General del Pueblo Soberano, como m\u00e1ximo nivel al que pueda llegar un oficial que cumpla ejemplarmente con la \u00e9tica, la moral, la dignidad y la doctrina de Bol\u00edvar y Zamora\u201d.<\/p>\n\n\n\n<p>Estas palabras las acompa\u00f1\u00f3 el presidente de la Rep\u00fablica y <a><\/a>comandante en Jefe de la Fuerza Armada Nacional Bolivariana (FANB), Nicol\u00e1s Maduro Moros, con el agradecimiento por la lealtad de cada hombre y mujer que conforma la FANB, tras recordar los 11 a\u00f1os de lucha y resistencia en los tiempos\u00bb m\u00e1s duros y dif\u00edciles, de sacrificios; de aprendizaje, de coraje de valent\u00eda\u00bb.<\/p>\n\n\n\n<p>Subray\u00f3 que, en este per\u00edodo, la lealtad de las fuerzas castrenses ha estado m\u00e1s que nunca presente en escenarios convulsos, marcados por los intentos desesperados de la extrema derecha de sembrar violencia en la naci\u00f3n.<\/p>\n\n\n\n<p>\u201cEstos once a\u00f1os como presidente y comandante en Jefe, once a\u00f1os de lucha, resistencia (\u2026) Yo le tengo que decir a ustedes militares de la Patria, h\u00e9roes de Carabobo del siglo XXI, que nos ha tocado como hombre del pueblo, a nombre del pueblo y como comandante en Jefe de la Fuerza Armada Nacional Bolivariana: Gracias por tanta lealtad, gracias por tanto apoyo de los militares venezolanos, nunca me han dejado solo, hemos ido juntos a todas las batallas y hemos ganado juntos todas las batallas gracias y hoy el grito de batalla que naci\u00f3 en Carabobo \u00a1Leales Siempre, Traidores Nunca!\u201d, expres\u00f3.<\/p>\n\n\n\n<p>La informaci\u00f3n fue destacada durante el acto con motivo del 203 Aniversario de la Batalla de Carabobo y D\u00eda del Ej\u00e9rcito Bolivariano, actividad encabezada por el presidente Maduro.<\/p>\n\n\n\n<p><strong>Prensa Presidencial\/ Eduardo Hueck<\/strong><\/p>\n","protected":false},"excerpt":{"rendered":"<p>Campo de Carabobo, estado Carabobo.- A partir de hoy \u201cpara premiar los m\u00e9ritos de l\u00edderes aut\u00e9nticos, vamos a agregar en homenaje a (Ezequiel) Zamora el Grado General del Pueblo Soberano, como m\u00e1ximo nivel al que pueda llegar un oficial que cumpla ejemplarmente con la \u00e9tica, la moral, la dignidad y la doctrina de Bol\u00edvar y [&hellip;]<\/p>\n","protected":false},"author":4,"featured_media":12040,"comment_status":"open","ping_status":"open","sticky":false,"template":"","format":"standard","meta":{"footnotes":""},"categories":[18,7],"tags":[30,38,19,27,20],"class_list":["post-12030","post","type-post","status-publish","format-standard","has-post-thumbnail","hentry","category-noticias-principales","category-notas-de-prensa","tag-destacado","tag-diplomacia-bolivariana-de-paz","tag-nicolas-maduro","tag-revolucion-bolivariana","tag-venezuela"],"_links":{"self":[{"href":"https:\/\/prensapresidencialvenezuela.gob.ve\/index.php\/wp-json\/wp\/v2\/posts\/12030","targetHints":{"allow":["GET"]}}],"collection":[{"href":"https:\/\/prensapresidencialvenezuela.gob.ve\/index.php\/wp-json\/wp\/v2\/posts"}],"about":[{"href":"https:\/\/prensapresidencialvenezuela.gob.ve\/index.php\/wp-json\/wp\/v2\/types\/post"}],"author":[{"embeddable":true,"href":"https:\/\/prensapresidencialvenezuela.gob.ve\/index.php\/wp-json\/wp\/v2\/users\/4"}],"replies":[{"embeddable":true,"href":"https:\/\/prensapresidencialvenezuela.gob.ve\/index.php\/wp-json\/wp\/v2\/comments?post=12030"}],"version-history":[{"count":2,"href":"https:\/\/prensapresidencialvenezuela.gob.ve\/index.php\/wp-json\/wp\/v2\/posts\/12030\/revisions"}],"predecessor-version":[{"id":12036,"href":"https:\/\/prensapresidencialvenezuela.gob.ve\/index.php\/wp-json\/wp\/v2\/posts\/12030\/revisions\/12036"}],"wp:featuredmedia":[{"embeddable":true,"href":"https:\/\/prensapresidencialvenezuela.gob.ve\/index.php\/wp-json\/wp\/v2\/media\/12040"}],"wp:attachment":[{"href":"https:\/\/prensapresidencialvenezuela.gob.ve\/index.php\/wp-json\/wp\/v2\/media?parent=12030"}],"wp:term":[{"taxonomy":"category","embeddable":true,"href":"https:\/\/prensapresidencialvenezuela.gob.ve\/index.php\/wp-json\/wp\/v2\/categories?post=12030"},{"taxonomy":"post_tag","embeddable":true,"href":"https:\/\/prensapresidencialvenezuela.gob.ve\/index.php\/wp-json\/wp\/v2\/tags?post=12030"}],"curies":[{"name":"wp","href":"https:\/\/api.w.org\/{rel}","templated":true}]}}