{"id":12037,"date":"2024-06-24T14:35:17","date_gmt":"2024-06-24T18:35:17","guid":{"rendered":"https:\/\/prensapresidencialvenezuela.gob.ve\/?p=12037"},"modified":"2024-06-25T17:11:57","modified_gmt":"2024-06-25T21:11:57","slug":"venezuela-cuenta-con-los-mejores-y-mas-profesionales-militares-de-toda-america","status":"publish","type":"post","link":"https:\/\/prensapresidencialvenezuela.gob.ve\/index.php\/2024\/06\/24\/venezuela-cuenta-con-los-mejores-y-mas-profesionales-militares-de-toda-america\/","title":{"rendered":"Venezuela cuenta con los mejores y m\u00e1s profesionales militares de toda Am\u00e9rica"},"content":{"rendered":"\n<p><strong>Campo de Carabobo, estado Carabobo.- <\/strong>En un emotivo mensaje al pa\u00eds, el presidente de la Rep\u00fablica Bolivariana de Venezuela, Nicol\u00e1s Maduro record\u00f3 la significativa haza\u00f1a de los libertadores en la Batalla de Carabobo, resaltando la tarea hist\u00f3rica de Bol\u00edvar como un ejemplo de lucha que debe llevarnos \u201ca dar m\u00e1s por nuestra Patria, a hacer m\u00e1s por los humildes\u201d y a defender los derechos de nuestra juventud y la dignidad heredada.<\/p>\n\n\n\n<p>Resalt\u00f3, adem\u00e1s, como Bol\u00edvar fue capaz, de la nada, construir un ej\u00e9rcito popular, venciendo cualquier cantidad de vicisitudes, internas y externas, que se opon\u00edan a sus objetivos, logrando unificar y construir un poderoso ej\u00e9rcito, desde Oriente a Occidente, para fundar un Estado y \u201cso\u00f1ar con la uni\u00f3n de Suram\u00e9rica toda\u201d, consolidando un solo proyecto, Colombia la grande.<\/p>\n\n\n\n<p>\u201cCarabobo fue una estrategia hist\u00f3rica pensada por a\u00f1os, una campa\u00f1a perfecta que remat\u00f3 en tiempo record, por la forma como fue planificada, pensada y dirigida por nuestro l\u00edder, padre, Sim\u00f3n Bol\u00edvar\u201d, se\u00f1al\u00f3.<\/p>\n\n\n\n<p>Adem\u00e1s indic\u00f3 que Carabobo hubo dos componentes importantes, una resoluci\u00f3n estrat\u00e9gica y una resoluci\u00f3n t\u00e1ctica, una campa\u00f1a efectiva y perfecta desde los llanos, oriente, occidente, costas, logrando dispersar al enemigo para vencerlo de manera exitosa, con una fuerza superior y moralizada por la victoria y la fundaci\u00f3n de una Patria independiente, en un escenario planificado para llevar a las fuerzas revolucionarias del ej\u00e9rcito bolivariano a un formidable y contundente triunfo.<\/p>\n\n\n\n<p>El jefe de Estado destac\u00f3 que en la actualidad, Venezuela tiene a \u201clos mejores y m\u00e1s profesionales, militares de toda Am\u00e9rica, con su doctrina, con su concepto estrat\u00e9gico, moral y su bandera\u201d, que los capacita desde el m\u00e1s raso, para edificar un ej\u00e9rcito inspirado en la ciencia y artes militares de Bol\u00edvar, con su claridad y visi\u00f3n del proyecto republicano.<\/p>\n\n\n\n<p>Exhort\u00f3 a las autoridades militares a profundizar en la doctrina de Bol\u00edvar desde la Universidad, las doce academias y todas las unidades militares de los cuatro componentes m\u00e1s la milicia, como orient\u00f3 el Comandante Ch\u00e1vez, como el maestro.<\/p>\n\n\n\n<p>El presidente de la Rep\u00fablica Bolivariana de Venezuela y Comandante en Jefe de la Fuerza Armada Nacional Bolivariana, Nicol\u00e1s Maduro, asisti\u00f3 al Campo Monumental de Carabobo con motivo del 203\u00b0 aniversario de la Batalla de Carabobo y d\u00eda del Ej\u00e9rcito Bolivariano.<\/p>\n\n\n\n<p>Acompa\u00f1ado la Dra. Cilia Flores de Maduro, primera combatiente, Dr. Jorge Rodr\u00edguez, presidente de la Asamblea Nacional, Dra. Delcy Rodr\u00edguez, vicepresidenta Ejecutiva de la Rep\u00fablica, Rafael La Cava, gobernador del Estado Bolivariano de Carabobo, Vladimir Padrino L\u00f3pez, vicepresidente sectorial de soberan\u00eda, seguridad y paz y ministro del poder popular para la Defensa y dem\u00e1s autoridades del Alto Mando Militar.<\/p>\n\n\n\n<p>Ante la tumba del soldado desconocido rindi\u00f3 honores colocando una ofrenda floral, en honor a los soldados ca\u00eddos en la \u00e9pica Batalla de Carabobo, \u201cel soldado desconocido que rindi\u00f3 su sangre en los campos de batalla, en los campos de Carabobo, tiene nombre y apellido, es el soldado pueblo, el soldado Patria\u201d, dijo.<\/p>\n\n\n\n<p>Posteriormente, en la tarima principal recibi\u00f3 un cuadro como presente, homenaje a la historia por la lucha y la libertad.<\/p>\n\n\n\n<p>\u201cRecibo este presente de ustedes, la juventud militar, con mucho amor, agradeciendo la lealtad absoluta de ustedes a nuestra Patria, a ustedes pertenece el futuro, h\u00e1ganlo grande, libre y soberano\u201d, puntualiz\u00f3.<\/p>\n\n\n\n<p><strong>Prensa Presidencial\/ Atahualpa Calder\u00f3n<\/strong><\/p>\n","protected":false},"excerpt":{"rendered":"<p>Campo de Carabobo, estado Carabobo.- En un emotivo mensaje al pa\u00eds, el presidente de la Rep\u00fablica Bolivariana de Venezuela, Nicol\u00e1s Maduro record\u00f3 la significativa haza\u00f1a de los libertadores en la Batalla de Carabobo, resaltando la tarea hist\u00f3rica de Bol\u00edvar como un ejemplo de lucha que debe llevarnos \u201ca dar m\u00e1s por nuestra Patria, a hacer [&hellip;]<\/p>\n","protected":false},"author":4,"featured_media":12034,"comment_status":"open","ping_status":"open","sticky":false,"template":"","format":"standard","meta":{"footnotes":""},"categories":[18,7],"tags":[30,19,27,20],"class_list":["post-12037","post","type-post","status-publish","format-standard","has-post-thumbnail","hentry","category-noticias-principales","category-notas-de-prensa","tag-destacado","tag-nicolas-maduro","tag-revolucion-bolivariana","tag-venezuela"],"_links":{"self":[{"href":"https:\/\/prensapresidencialvenezuela.gob.ve\/index.php\/wp-json\/wp\/v2\/posts\/12037","targetHints":{"allow":["GET"]}}],"collection":[{"href":"https:\/\/prensapresidencialvenezuela.gob.ve\/index.php\/wp-json\/wp\/v2\/posts"}],"about":[{"href":"https:\/\/prensapresidencialvenezuela.gob.ve\/index.php\/wp-json\/wp\/v2\/types\/post"}],"author":[{"embeddable":true,"href":"https:\/\/prensapresidencialvenezuela.gob.ve\/index.php\/wp-json\/wp\/v2\/users\/4"}],"replies":[{"embeddable":true,"href":"https:\/\/prensapresidencialvenezuela.gob.ve\/index.php\/wp-json\/wp\/v2\/comments?post=12037"}],"version-history":[{"count":1,"href":"https:\/\/prensapresidencialvenezuela.gob.ve\/index.php\/wp-json\/wp\/v2\/posts\/12037\/revisions"}],"predecessor-version":[{"id":12039,"href":"https:\/\/prensapresidencialvenezuela.gob.ve\/index.php\/wp-json\/wp\/v2\/posts\/12037\/revisions\/12039"}],"wp:featuredmedia":[{"embeddable":true,"href":"https:\/\/prensapresidencialvenezuela.gob.ve\/index.php\/wp-json\/wp\/v2\/media\/12034"}],"wp:attachment":[{"href":"https:\/\/prensapresidencialvenezuela.gob.ve\/index.php\/wp-json\/wp\/v2\/media?parent=12037"}],"wp:term":[{"taxonomy":"category","embeddable":true,"href":"https:\/\/prensapresidencialvenezuela.gob.ve\/index.php\/wp-json\/wp\/v2\/categories?post=12037"},{"taxonomy":"post_tag","embeddable":true,"href":"https:\/\/prensapresidencialvenezuela.gob.ve\/index.php\/wp-json\/wp\/v2\/tags?post=12037"}],"curies":[{"name":"wp","href":"https:\/\/api.w.org\/{rel}","templated":true}]}}