{"id":1206,"date":"2022-02-11T14:23:00","date_gmt":"2022-02-11T14:23:00","guid":{"rendered":"http:\/\/172.27.0.121\/?p=1206"},"modified":"2022-06-07T14:25:39","modified_gmt":"2022-06-07T14:25:39","slug":"desplegaran-ofensiva-en-apure-para-el-retorno-de-la-normalidad","status":"publish","type":"post","link":"https:\/\/prensapresidencialvenezuela.gob.ve\/index.php\/2022\/02\/11\/desplegaran-ofensiva-en-apure-para-el-retorno-de-la-normalidad\/","title":{"rendered":"Desplegar\u00e1n ofensiva en Apure para el retorno de la normalidad"},"content":{"rendered":"\n<p><strong>Palacio de Miraflores, Caracas.- <\/strong>En aras de \u201cgarantizar la vida de los venezolanos en la regi\u00f3n fronteriza\u201d, la Operaci\u00f3n Escudo Bolivariano 2022 mantendr\u00e1 su ofensiva sobre el estado Apure para el retorno progresivo de la normalidad, azotada por grupos Terroristas Armados Narcotraficantes Colombianos (Tancol) bajo el amparo del Estado colombiano.<\/p>\n\n\n\n<p>El anuncio lo realiz\u00f3 el vicepresidente de Soberan\u00eda Pol\u00edtica, Seguridad y Paz, Vladimir Padrino L\u00f3pez, quien puntualiz\u00f3 que continuar\u00e1n los esfuerzos para \u201cliberar todos esos caminos para que retorne la vida productiva, social del pueblo\u201d, al tiempo que indic\u00f3 que \u201cestamos procesando informaci\u00f3n que nos va a permitir avanzar en las operaciones militares\u201d.<\/p>\n\n\n\n<p>\u201cEstamos preparando una ofensiva social sobre el territorio de Apure para que toda la poblaci\u00f3n que hace vida en la franja fronteriza retome la normalidad, la capacidad productiva, la actividad educativa, la salud y la alimentaci\u00f3n que pretendi\u00f3 ser azotada por grupos criminales\u201d, asever\u00f3 desde el Palacio de Miraflores, ubicado en Caracas.<\/p>\n\n\n\n<p>Padrino L\u00f3pez recalc\u00f3 que es innegable la existencia de un \u201cnarcoestado\u201d en Colombia al se\u00f1alar que, de acuerdo con datos de la Administraci\u00f3n de Control de Drogas (DEA), entre \u201c10.000 y 12.000 millones de d\u00f3lares se lavan en Colombia\u201d. En este sentido, calific\u00f3 de \u201cdeplorable, deprimente\u201d la situaci\u00f3n neogranadina.<\/p>\n\n\n\n<p>Puntualiz\u00f3 que los grupos irregulares \u201cpretenden venir e instalarse aqu\u00ed, pero tambi\u00e9n retroceder al territorio colombiano y actuar a sus anchas habida cuenta de la ausencia absoluta\u201d del Estado.<\/p>\n\n\n\n<p>\u201cTodo eso que se anuncia en Colombia de movimiento de tropas aerotransportadas y helicoportadas, de despliegue de drones, aviones y batallones es puro anuncio\u201d, cuestion\u00f3 Padrino L\u00f3pez, quien tild\u00f3 tales declaraciones de \u201cparafernalia\u201d mientras la violencia contin\u00faa manifest\u00e1ndose a trav\u00e9s de carros bomba y asesinatos diarios en la naci\u00f3n neogranadina.<\/p>\n\n\n\n<p>Al enfatizar que \u201clos gobernantes usan la violencia con prop\u00f3sitos electorales\u201d, el tambi\u00e9n ministro de Defensa subray\u00f3 que \u201cel pueblo colombiano no se merece los gobernantes que tienen\u201d.<\/p>\n\n\n\n<p>En un mensaje dirigido al pueblo venezolano, el tambi\u00e9n ministro de la Defensa ratific\u00f3 que existe una instituci\u00f3n castrense \u201ccohesionada, del m\u00e1s alto nivel, consciente del momento hist\u00f3rico y que \u201d.<\/p>\n\n\n\n<p>\u201cCuente con la Fuerza Armada, con la disposici\u00f3n y determinaci\u00f3n de ser libres, soberanos y de vivir en paz. Les reitero a los grupos Terroristas Narcotraficantes Colombianos no tienen espacio en Venezuela, Apure es nuestro y lo vamos a defender con las armas hasta el final\u201d, agreg\u00f3.<\/p>\n\n\n\n<p><strong>Prensa Presidencial\/Karelis Gonz\u00e1lez<\/strong><\/p>\n","protected":false},"excerpt":{"rendered":"<p>Palacio de Miraflores, Caracas.- En aras de \u201cgarantizar la vida de los venezolanos en la regi\u00f3n fronteriza\u201d, la Operaci\u00f3n Escudo Bolivariano 2022 mantendr\u00e1 su ofensiva sobre el estado Apure para el retorno progresivo de la normalidad, azotada por grupos Terroristas Armados Narcotraficantes Colombianos (Tancol) bajo el amparo del Estado colombiano. El anuncio lo realiz\u00f3 el [&hellip;]<\/p>\n","protected":false},"author":6,"featured_media":1207,"comment_status":"open","ping_status":"open","sticky":false,"template":"","format":"standard","meta":{"footnotes":""},"categories":[7],"tags":[],"class_list":["post-1206","post","type-post","status-publish","format-standard","has-post-thumbnail","hentry","category-notas-de-prensa"],"_links":{"self":[{"href":"https:\/\/prensapresidencialvenezuela.gob.ve\/index.php\/wp-json\/wp\/v2\/posts\/1206","targetHints":{"allow":["GET"]}}],"collection":[{"href":"https:\/\/prensapresidencialvenezuela.gob.ve\/index.php\/wp-json\/wp\/v2\/posts"}],"about":[{"href":"https:\/\/prensapresidencialvenezuela.gob.ve\/index.php\/wp-json\/wp\/v2\/types\/post"}],"author":[{"embeddable":true,"href":"https:\/\/prensapresidencialvenezuela.gob.ve\/index.php\/wp-json\/wp\/v2\/users\/6"}],"replies":[{"embeddable":true,"href":"https:\/\/prensapresidencialvenezuela.gob.ve\/index.php\/wp-json\/wp\/v2\/comments?post=1206"}],"version-history":[{"count":1,"href":"https:\/\/prensapresidencialvenezuela.gob.ve\/index.php\/wp-json\/wp\/v2\/posts\/1206\/revisions"}],"predecessor-version":[{"id":1208,"href":"https:\/\/prensapresidencialvenezuela.gob.ve\/index.php\/wp-json\/wp\/v2\/posts\/1206\/revisions\/1208"}],"wp:featuredmedia":[{"embeddable":true,"href":"https:\/\/prensapresidencialvenezuela.gob.ve\/index.php\/wp-json\/wp\/v2\/media\/1207"}],"wp:attachment":[{"href":"https:\/\/prensapresidencialvenezuela.gob.ve\/index.php\/wp-json\/wp\/v2\/media?parent=1206"}],"wp:term":[{"taxonomy":"category","embeddable":true,"href":"https:\/\/prensapresidencialvenezuela.gob.ve\/index.php\/wp-json\/wp\/v2\/categories?post=1206"},{"taxonomy":"post_tag","embeddable":true,"href":"https:\/\/prensapresidencialvenezuela.gob.ve\/index.php\/wp-json\/wp\/v2\/tags?post=1206"}],"curies":[{"name":"wp","href":"https:\/\/api.w.org\/{rel}","templated":true}]}}