{"id":12106,"date":"2024-06-26T20:49:16","date_gmt":"2024-06-27T00:49:16","guid":{"rendered":"https:\/\/prensapresidencialvenezuela.gob.ve\/?p=12106"},"modified":"2024-06-26T20:49:17","modified_gmt":"2024-06-27T00:49:17","slug":"presidente-llego-la-hora-de-que-venezuela-tenga-un-nuevo-modelo-economico","status":"publish","type":"post","link":"https:\/\/prensapresidencialvenezuela.gob.ve\/index.php\/2024\/06\/26\/presidente-llego-la-hora-de-que-venezuela-tenga-un-nuevo-modelo-economico\/","title":{"rendered":"Presidente: Lleg\u00f3 la hora de que Venezuela tenga un nuevo modelo econ\u00f3mico"},"content":{"rendered":"\n<p><strong>Prensa Presidencia<\/strong>l. \u201cVengo diciendo, as\u00ed como Venezuela necesita un nuevo modelo econ\u00f3mico en pleno desarrollo, necesitamos un nuevo Estado y derribar el burocratismo corrupto y transformarlo al servicio de la gente\u201d.<\/p>\n\n\n\n<p>As\u00ed lo manifest\u00f3 el presidente constitucional de la Rep\u00fablica Bolivariana de Venezuela, Nicol\u00e1s Maduro, desde el estado Lara, en el encuentro con el Consejo Nacional de Econom\u00eda Productiva Regi\u00f3n Occidente.<\/p>\n\n\n\n<p>El Mandatario venezolano afirm\u00f3 que ese nuevo Estado que debemos construir todos los venezolanos, debe ser un Estado eficiente, ligero, moderno y altamente tecnol\u00f3gico.<\/p>\n\n\n\n<p>\u201cEse es el empe\u00f1o que tengo y es mi responsabilidad, &nbsp;debemos atender y concentrarnos en la toma de decisiones que deben ser tomadas con criterio y responsabilidad.&nbsp; Estoy empe\u00f1ado, conseguir\u00e9 los m\u00e9todos y pido ayuda para derrumbar el viejo estado democr\u00e1tico y construir un Estado moderno, &nbsp;eficiente, tecnol\u00f3gico, al servicio de la gente y no de oscuros intereses que se crean\u201d.<\/p>\n\n\n\n<p>El jefe de Estado ejemplific\u00f3 que se deben derribar algunos sectores inoperantes en las diferentes regiones del pa\u00eds, &nbsp;adem\u00e1s del burocratismo sobre todo en Instituciones, en puertos, en aduanas y en la Administraci\u00f3n P\u00fablica,&nbsp; considerando que se debe marchar hacia el crecimiento de los beneficios econ\u00f3micos, pero reales,&nbsp; no un crecimiento especulativo en papeles, tenemos que cambiar todo eso y es una tarea primordial que le design\u00f3 a la Vicepresidenta Delcy Rodr\u00edguez.<\/p>\n\n\n\n<p>\u201cSe\u00f1ora Vicepresidenta, &nbsp;ese crecimiento especulativo sin beneficios econ\u00f3micos, se acab\u00f3, p\u00f3ngalo en su agenda la transformaci\u00f3n absoluta del Estado Venezolano al servicio de la gente y que no vuelva m\u00e1s este paradigma.&nbsp; &nbsp;Es un acuerdo y un consenso que tenemos que lograr y lo estamos logrando con grandes potencialidades, &nbsp;a pesar de la guerra econ\u00f3mica y en las peores condiciones\u201d<\/p>\n\n\n\n<p>Nicol\u00e1s Maduro se\u00f1al\u00f3 que ante 100 sanciones, hay 100 soluciones. Que la crisis que \u00e9l enfrent\u00f3,\u00a0lleg\u00f3 a un 344 mil por ciento y una p\u00e9rdida del 99 por ciento de los ingresos, pero se logr\u00f3 evitar que se cerraran las escuelas y se paralizar\u00e1n los servicio fundamentales.<\/p>\n\n\n\n<p>\u201cY ustedes saben \u00bfPor qu\u00e9 lo hicimos? Por amor a la Patria,&nbsp; por el amor al pa\u00eds y porque jam\u00e1s nos \u00edbamos a rendir, este di\u00e1logo profundo de hoy d\u00eda &nbsp;exitoso, &nbsp;lo logramos desde el 2016 y empez\u00f3 con 8 motores para articular una econom\u00eda productiva de recuperaci\u00f3n, de crecimiento,&nbsp; a pesar del desabastecimiento de casi un 98 por ciento, logramos un crecimiento y una prosperidad que est\u00e1 a la vista. Tenemos que agradecer al empresariado venezolano, a los grandes y medianos emprendedores su esfuerzo supremo&nbsp; por producir en las peores circunstancias. Las sanciones no fueron contra m\u00ed, fueron contra el aparato econ\u00f3mico de Venezuela\u201d, refiri\u00f3 el Mandatario Bolivariano.&nbsp;&nbsp;<\/p>\n\n\n\n<p>Prensa Presidencial \/Orlando Ruiz<\/p>\n","protected":false},"excerpt":{"rendered":"<p>Prensa Presidencial. \u201cVengo diciendo, as\u00ed como Venezuela necesita un nuevo modelo econ\u00f3mico en pleno desarrollo, necesitamos un nuevo Estado y derribar el burocratismo corrupto y transformarlo al servicio de la gente\u201d. As\u00ed lo manifest\u00f3 el presidente constitucional de la Rep\u00fablica Bolivariana de Venezuela, Nicol\u00e1s Maduro, desde el estado Lara, en el encuentro con el Consejo [&hellip;]<\/p>\n","protected":false},"author":4,"featured_media":12107,"comment_status":"open","ping_status":"open","sticky":false,"template":"","format":"standard","meta":{"footnotes":""},"categories":[18,7],"tags":[467,465,468,469,470],"class_list":["post-12106","post","type-post","status-publish","format-standard","has-post-thumbnail","hentry","category-noticias-principales","category-notas-de-prensa","tag-crecimiento","tag-economia","tag-logros","tag-modelo","tag-socialismo"],"_links":{"self":[{"href":"https:\/\/prensapresidencialvenezuela.gob.ve\/index.php\/wp-json\/wp\/v2\/posts\/12106","targetHints":{"allow":["GET"]}}],"collection":[{"href":"https:\/\/prensapresidencialvenezuela.gob.ve\/index.php\/wp-json\/wp\/v2\/posts"}],"about":[{"href":"https:\/\/prensapresidencialvenezuela.gob.ve\/index.php\/wp-json\/wp\/v2\/types\/post"}],"author":[{"embeddable":true,"href":"https:\/\/prensapresidencialvenezuela.gob.ve\/index.php\/wp-json\/wp\/v2\/users\/4"}],"replies":[{"embeddable":true,"href":"https:\/\/prensapresidencialvenezuela.gob.ve\/index.php\/wp-json\/wp\/v2\/comments?post=12106"}],"version-history":[{"count":1,"href":"https:\/\/prensapresidencialvenezuela.gob.ve\/index.php\/wp-json\/wp\/v2\/posts\/12106\/revisions"}],"predecessor-version":[{"id":12108,"href":"https:\/\/prensapresidencialvenezuela.gob.ve\/index.php\/wp-json\/wp\/v2\/posts\/12106\/revisions\/12108"}],"wp:featuredmedia":[{"embeddable":true,"href":"https:\/\/prensapresidencialvenezuela.gob.ve\/index.php\/wp-json\/wp\/v2\/media\/12107"}],"wp:attachment":[{"href":"https:\/\/prensapresidencialvenezuela.gob.ve\/index.php\/wp-json\/wp\/v2\/media?parent=12106"}],"wp:term":[{"taxonomy":"category","embeddable":true,"href":"https:\/\/prensapresidencialvenezuela.gob.ve\/index.php\/wp-json\/wp\/v2\/categories?post=12106"},{"taxonomy":"post_tag","embeddable":true,"href":"https:\/\/prensapresidencialvenezuela.gob.ve\/index.php\/wp-json\/wp\/v2\/tags?post=12106"}],"curies":[{"name":"wp","href":"https:\/\/api.w.org\/{rel}","templated":true}]}}