{"id":12109,"date":"2024-06-26T21:09:27","date_gmt":"2024-06-27T01:09:27","guid":{"rendered":"https:\/\/prensapresidencialvenezuela.gob.ve\/?p=12109"},"modified":"2024-06-26T21:09:28","modified_gmt":"2024-06-27T01:09:28","slug":"presidente-maduro-ratifico-condena-frente-a-ataques-al-sen","status":"publish","type":"post","link":"https:\/\/prensapresidencialvenezuela.gob.ve\/index.php\/2024\/06\/26\/presidente-maduro-ratifico-condena-frente-a-ataques-al-sen\/","title":{"rendered":"Presidente Maduro ratific\u00f3 condena frente a ataques al SEN"},"content":{"rendered":"\n<p><strong>Barquisimeto, estado Lara. &#8211;<\/strong> En el Consejo Nacional de Econom\u00eda Productiva &#8211; Regi\u00f3n Occidental, desde el Estado Lara, el presidente de la Rep\u00fablica Bolivariana de Venezuela, Nicol\u00e1s Maduro, ratific\u00f3 su condena en torno a los recientes ataques al Sistema El\u00e9ctrico Nacional (SEN) y al primer puente sobre el r\u00edo Orinoco, como parte de un plan de guerra que preparan sectores del extremismo.<\/p>\n\n\n\n<p>Se\u00f1al\u00f3 que hay quienes buscan una hecatombe, saboteando un puente o el sistema el\u00e9ctrico, pretendiendo llenar de violencia al pa\u00eds. \u201cEstoy contra el fascismo, los fascistas, fan\u00e1ticos del fascismo, que pretenden llenar de violencia a Venezuela\u201d, asever\u00f3. <\/p>\n\n\n\n<p>El jefe de Estado afirm\u00f3 que ha dado las instrucciones para activar todas las fuerzas militares y policiales para garantizar la protecci\u00f3n del SEN y los puentes, y hacerle frente a la guerra que sectores adversos intentan establecer, buscando un hecho que cambie el curso del pa\u00eds, \u201cest\u00e1n buscando un hecho que cambie lo que no podr\u00e1n cambiar, porque el curso de la historia est\u00e1 marcada y la historia de Venezuela est\u00e1 escrita y lo que va a pasar pasar\u00e1\u201d, puntualiz\u00f3.<\/p>\n\n\n\n<p>\u201cNo creo en el odio, ni en el revanchismo, ni la intolerancia, ni la venganza, creo en la uni\u00f3n, en el consenso y el respeto a las posiciones\u201d, asever\u00f3 el Presidente, refiriendo las razones por las cuales est\u00e1 contra el fascismo.<\/p>\n\n\n\n<p>Finalmente, advirti\u00f3 que quienes insistan en el camino de la violencia y el odio no saldr\u00e1n airosos \u201csi siguen en ese camino de una guerra, de sembrar odio e intolerancia, les va a ir mal\u201d.<\/p>\n\n\n\n<p><strong>Prensa Presidencial \/ Atahualpa Calder\u00f3n<\/strong><\/p>\n","protected":false},"excerpt":{"rendered":"<p>Barquisimeto, estado Lara. &#8211; En el Consejo Nacional de Econom\u00eda Productiva &#8211; Regi\u00f3n Occidental, desde el Estado Lara, el presidente de la Rep\u00fablica Bolivariana de Venezuela, Nicol\u00e1s Maduro, ratific\u00f3 su condena en torno a los recientes ataques al Sistema El\u00e9ctrico Nacional (SEN) y al primer puente sobre el r\u00edo Orinoco, como parte de un plan [&hellip;]<\/p>\n","protected":false},"author":6,"featured_media":12110,"comment_status":"open","ping_status":"open","sticky":false,"template":"","format":"standard","meta":{"footnotes":""},"categories":[18,7],"tags":[471,473,472],"class_list":["post-12109","post","type-post","status-publish","format-standard","has-post-thumbnail","hentry","category-noticias-principales","category-notas-de-prensa","tag-alerta","tag-denuncia","tag-extremismos"],"_links":{"self":[{"href":"https:\/\/prensapresidencialvenezuela.gob.ve\/index.php\/wp-json\/wp\/v2\/posts\/12109","targetHints":{"allow":["GET"]}}],"collection":[{"href":"https:\/\/prensapresidencialvenezuela.gob.ve\/index.php\/wp-json\/wp\/v2\/posts"}],"about":[{"href":"https:\/\/prensapresidencialvenezuela.gob.ve\/index.php\/wp-json\/wp\/v2\/types\/post"}],"author":[{"embeddable":true,"href":"https:\/\/prensapresidencialvenezuela.gob.ve\/index.php\/wp-json\/wp\/v2\/users\/6"}],"replies":[{"embeddable":true,"href":"https:\/\/prensapresidencialvenezuela.gob.ve\/index.php\/wp-json\/wp\/v2\/comments?post=12109"}],"version-history":[{"count":1,"href":"https:\/\/prensapresidencialvenezuela.gob.ve\/index.php\/wp-json\/wp\/v2\/posts\/12109\/revisions"}],"predecessor-version":[{"id":12111,"href":"https:\/\/prensapresidencialvenezuela.gob.ve\/index.php\/wp-json\/wp\/v2\/posts\/12109\/revisions\/12111"}],"wp:featuredmedia":[{"embeddable":true,"href":"https:\/\/prensapresidencialvenezuela.gob.ve\/index.php\/wp-json\/wp\/v2\/media\/12110"}],"wp:attachment":[{"href":"https:\/\/prensapresidencialvenezuela.gob.ve\/index.php\/wp-json\/wp\/v2\/media?parent=12109"}],"wp:term":[{"taxonomy":"category","embeddable":true,"href":"https:\/\/prensapresidencialvenezuela.gob.ve\/index.php\/wp-json\/wp\/v2\/categories?post=12109"},{"taxonomy":"post_tag","embeddable":true,"href":"https:\/\/prensapresidencialvenezuela.gob.ve\/index.php\/wp-json\/wp\/v2\/tags?post=12109"}],"curies":[{"name":"wp","href":"https:\/\/api.w.org\/{rel}","templated":true}]}}