{"id":12114,"date":"2024-06-26T21:24:46","date_gmt":"2024-06-27T01:24:46","guid":{"rendered":"https:\/\/prensapresidencialvenezuela.gob.ve\/?p=12114"},"modified":"2024-06-26T21:35:12","modified_gmt":"2024-06-27T01:35:12","slug":"presidente-vamos-a-la-transformacion-completa-del-estado-venezolano","status":"publish","type":"post","link":"https:\/\/prensapresidencialvenezuela.gob.ve\/index.php\/2024\/06\/26\/presidente-vamos-a-la-transformacion-completa-del-estado-venezolano\/","title":{"rendered":"Presidente: Vamos a la transformaci\u00f3n completa del Estado venezolano"},"content":{"rendered":"\n<p><strong>Estado Lara<\/strong>. &#8211; El presidente de la Rep\u00fablica Bolivariana de Venezuela, Nicol\u00e1s Maduro, en el C<a><\/a>onsejo Nacional de Econom\u00eda Productiva &#8211; Regi\u00f3n Occidental, afirm\u00f3 que \u201cvamos hacia la transformaci\u00f3n completa del Estado venezolano con la finalidad de ponerlo al servicio del desarrollo econ\u00f3mico y el bienestar de la gente, con un elevado componente cient\u00edfico\u201d.<\/p>\n\n\n\n<p>Haciendo rese\u00f1a de los estados y poblaciones visitados recientemente en su peregrinar, precis\u00f3 que ha recogido propuestas como la de un viaducto tur\u00edstico en Falc\u00f3n, desde los M\u00e9danos a Paraguan\u00e1, entre otras.<\/p>\n\n\n\n<p>Aleg\u00f3 que la econom\u00eda \u201cno ser\u00e1 m\u00e1s nunca un campo de batalla pol\u00edtico ideol\u00f3gico para golpes de Estado\u201d, porque se ha insistido en un gran consenso para buscar la estabilizaci\u00f3n.&nbsp;<\/p>\n\n\n\n<p>Llam\u00f3 a sembrar valores que apunten a la prosperidad de Venezuela y alcanzar la paz econ\u00f3mica \u201chay que sembrar valores, el valor del trabajo para la prosperidad, el valor de la paz\u201d, para la construcci\u00f3n de un pensamiento econ\u00f3mico compartido, propio y nuestro.<\/p>\n\n\n\n<p>\u201cLa econom\u00eda no puede ser estatizada, pero si debe ser poderosa para satisfacer las necesidades de un pa\u00eds, para su desarrollo, bienestar y estabilidad, que le permita generar riqueza, as\u00ed como en Venezuela, por medio del petr\u00f3leo, \u201cestamos llegando a un mill\u00f3n de barriles y vamos para tres millones m\u00e1s el desarrollo de los proyectos gas\u00edferos\u201d, citando dos ejemplos.<\/p>\n\n\n\n<p>Se\u00f1al\u00f3 tambi\u00e9n, que est\u00e1 llegando la inversi\u00f3n, como aporte para el crecimiento y desarrollo que promueve la vocaci\u00f3n exportadora.<\/p>\n\n\n\n<p>El jefe de Estado destac\u00f3 que los ingresos que resultan de la riqueza est\u00e1n destinados a la compra de maquinaria, para el pago de mejores ingresos a los trabajadores, pago de impuestos, para escuelas, liceos, universidades, hospitales, CDI, ambulatorios, construcci\u00f3n de viviendas, para la inversi\u00f3n e igualdad social, mejora de pensiones \u201ccomo lo hicimos este mes\u201d, es el crecimiento para tener el Estado de Bienestar Social que Venezuela va a lograr, indic\u00f3.<\/p>\n\n\n\n<p>Record\u00f3 grandes logros del Comandante Hugo Ch\u00e1vez. \u201clogr\u00f3 el Estado de Bienestar Social de mayor nivel de desarrollo de la historia republicana de Venezuela, los ingresos m\u00e1s altos de los trabajadores\u201d, citando Misiones Socialistas como Barrio Adentro Salud, la cual lleva el m\u00e9dico a la comunidad, programa de alfabetizaci\u00f3n y construcci\u00f3n de una educaci\u00f3n p\u00fablica m\u00e1s incluyente y de calidad, el plan de vivienda de mayor envergadura, entre otros, que hoy se contin\u00faan.&nbsp;<\/p>\n\n\n\n<p>Por \u00faltimo, destac\u00f3 que el Estado de Bienestar \u201clo vamos a reconstruir con trabajo, crecimiento y producci\u00f3n\u201d para volver al que tuvimos \u201cVenezuela en los a\u00f1os que est\u00e1n por venir se convertir\u00e1 en el asombro econ\u00f3mico productivo de Suram\u00e9rica\u201d.<\/p>\n\n\n\n<p><strong>Prensa Presidencial \/ Atahualpa Calder\u00f3n<\/strong><\/p>\n","protected":false},"excerpt":{"rendered":"<p>Estado Lara. &#8211; El presidente de la Rep\u00fablica Bolivariana de Venezuela, Nicol\u00e1s Maduro, en el Consejo Nacional de Econom\u00eda Productiva &#8211; Regi\u00f3n Occidental, afirm\u00f3 que \u201cvamos hacia la transformaci\u00f3n completa del Estado venezolano con la finalidad de ponerlo al servicio del desarrollo econ\u00f3mico y el bienestar de la gente, con un elevado componente cient\u00edfico\u201d. Haciendo [&hellip;]<\/p>\n","protected":false},"author":6,"featured_media":12115,"comment_status":"open","ping_status":"open","sticky":false,"template":"","format":"standard","meta":{"footnotes":""},"categories":[18,7],"tags":[465,475],"class_list":["post-12114","post","type-post","status-publish","format-standard","has-post-thumbnail","hentry","category-noticias-principales","category-notas-de-prensa","tag-economia","tag-transformacion"],"_links":{"self":[{"href":"https:\/\/prensapresidencialvenezuela.gob.ve\/index.php\/wp-json\/wp\/v2\/posts\/12114","targetHints":{"allow":["GET"]}}],"collection":[{"href":"https:\/\/prensapresidencialvenezuela.gob.ve\/index.php\/wp-json\/wp\/v2\/posts"}],"about":[{"href":"https:\/\/prensapresidencialvenezuela.gob.ve\/index.php\/wp-json\/wp\/v2\/types\/post"}],"author":[{"embeddable":true,"href":"https:\/\/prensapresidencialvenezuela.gob.ve\/index.php\/wp-json\/wp\/v2\/users\/6"}],"replies":[{"embeddable":true,"href":"https:\/\/prensapresidencialvenezuela.gob.ve\/index.php\/wp-json\/wp\/v2\/comments?post=12114"}],"version-history":[{"count":1,"href":"https:\/\/prensapresidencialvenezuela.gob.ve\/index.php\/wp-json\/wp\/v2\/posts\/12114\/revisions"}],"predecessor-version":[{"id":12116,"href":"https:\/\/prensapresidencialvenezuela.gob.ve\/index.php\/wp-json\/wp\/v2\/posts\/12114\/revisions\/12116"}],"wp:featuredmedia":[{"embeddable":true,"href":"https:\/\/prensapresidencialvenezuela.gob.ve\/index.php\/wp-json\/wp\/v2\/media\/12115"}],"wp:attachment":[{"href":"https:\/\/prensapresidencialvenezuela.gob.ve\/index.php\/wp-json\/wp\/v2\/media?parent=12114"}],"wp:term":[{"taxonomy":"category","embeddable":true,"href":"https:\/\/prensapresidencialvenezuela.gob.ve\/index.php\/wp-json\/wp\/v2\/categories?post=12114"},{"taxonomy":"post_tag","embeddable":true,"href":"https:\/\/prensapresidencialvenezuela.gob.ve\/index.php\/wp-json\/wp\/v2\/tags?post=12114"}],"curies":[{"name":"wp","href":"https:\/\/api.w.org\/{rel}","templated":true}]}}