{"id":12124,"date":"2024-06-26T21:52:41","date_gmt":"2024-06-27T01:52:41","guid":{"rendered":"https:\/\/prensapresidencialvenezuela.gob.ve\/?p=12124"},"modified":"2024-06-26T21:52:41","modified_gmt":"2024-06-27T01:52:41","slug":"el-pueblo-movilizado-ha-derrotado-el-golpe-de-estado-en-bolivia","status":"publish","type":"post","link":"https:\/\/prensapresidencialvenezuela.gob.ve\/index.php\/2024\/06\/26\/el-pueblo-movilizado-ha-derrotado-el-golpe-de-estado-en-bolivia\/","title":{"rendered":"El pueblo movilizado ha derrotado el golpe de Estado en Bolivia"},"content":{"rendered":"\n<p><strong>Qu\u00edbor, Estado Lara.- <\/strong>Durante una concentraci\u00f3n en la ciudad de Quibor, el presidente de la Rep\u00fablica Bolivariana de Venezuela, Nicol\u00e1s Maduro, subray\u00f3 que el pueblo boliviano se moviliz\u00f3 en las calles de la Paz, Cochabamba, Oruro, Potos\u00ed, entre otras ciudades y han derrotado el golpe de Estado.<\/p>\n\n\n\n<p>\u201cSectores de la extrema derecha, con un militar traidor intentaron dar un golpe de Estado en Bolivia (\u2026), el pueblo de Bolivia est\u00e1 en las calles y han derrotado el golpe fascista, el golpe de Estado. Que viva el pueblo de Bolivia, que viva Lucho-Luis Arce-, que viva Evo-Morales\u201d, subray\u00f3, tras informar que sostuvo comunicaciones con su hom\u00f3logo boliviano, Luis Arce.<\/p>\n\n\n\n<p>El presidente maduro indic\u00f3 que en el Estado boliviano \u201cse est\u00e1 dando una insurrecci\u00f3n popular y militares leales al pueblo se han juramentado por parte del presidente Lucho Arce\u201d, argumentando que quienes est\u00e1n detr\u00e1s de ese golpe de Estado, son los&nbsp; mismos que buscan traer la guarimba al pa\u00eds venezolano.<\/p>\n\n\n\n<p>\u201c\u00bfQui\u00e9n est\u00e1 detr\u00e1s del golpe de Estado en Bolivia? \u00bfQui\u00e9n quer\u00eda dar el golpe de Estado en Bolivia? Los mismos que quisieran dar un golpe de Estado en Venezuela, los mismos que quisieran traer el odio, la intolerancia, la violencia y la guarimba otra vez a Venezuela\u201d, denunci\u00f3.<\/p>\n\n\n\n<p>Asimismo, record\u00f3 al pueblo venezolano que el plan de la extrema derecha, la cual forma parte de los denominados \u201cpatarucos\u201d, es provocar escenarios de violencia.<\/p>\n\n\n\n<p>\u201cEllos han activado un plan de violencia,&nbsp; no est\u00e1n haciendo campa\u00f1a electoral,&nbsp; los patarucos est\u00e1n preparando la guarimba, guerra el\u00e9ctrica, Saboteando puentes y muchas otras cosas. Pero se los digo: Apellidos, fascista si se comen la luz este pueblo se le va a ir encima como el pueblo de Bolivia.<\/p>\n\n\n\n<p>En esa l\u00ednea, acentu\u00f3 que acciones violentas no ser\u00e1n permitidas. \u201cNo se lo vamos a permitir: violencia nunca m\u00e1s, golpe de Estado nunca m\u00e1s guarimba nunca m\u00e1s.&nbsp; Conquistamos&nbsp; la paz a pulso, nos cost\u00f3 sangre, sudor y l\u00e1grimas\u201d.<\/p>\n\n\n\n<p><strong>Prensa Presidencial\/ Eduardo Hueck<\/strong><\/p>\n","protected":false},"excerpt":{"rendered":"<p>Qu\u00edbor, Estado Lara.- Durante una concentraci\u00f3n en la ciudad de Quibor, el presidente de la Rep\u00fablica Bolivariana de Venezuela, Nicol\u00e1s Maduro, subray\u00f3 que el pueblo boliviano se moviliz\u00f3 en las calles de la Paz, Cochabamba, Oruro, Potos\u00ed, entre otras ciudades y han derrotado el golpe de Estado. \u201cSectores de la extrema derecha, con un militar [&hellip;]<\/p>\n","protected":false},"author":6,"featured_media":12129,"comment_status":"open","ping_status":"open","sticky":false,"template":"","format":"standard","meta":{"footnotes":""},"categories":[18,7],"tags":[97,479],"class_list":["post-12124","post","type-post","status-publish","format-standard","has-post-thumbnail","hentry","category-noticias-principales","category-notas-de-prensa","tag-bolivia","tag-unidad"],"_links":{"self":[{"href":"https:\/\/prensapresidencialvenezuela.gob.ve\/index.php\/wp-json\/wp\/v2\/posts\/12124","targetHints":{"allow":["GET"]}}],"collection":[{"href":"https:\/\/prensapresidencialvenezuela.gob.ve\/index.php\/wp-json\/wp\/v2\/posts"}],"about":[{"href":"https:\/\/prensapresidencialvenezuela.gob.ve\/index.php\/wp-json\/wp\/v2\/types\/post"}],"author":[{"embeddable":true,"href":"https:\/\/prensapresidencialvenezuela.gob.ve\/index.php\/wp-json\/wp\/v2\/users\/6"}],"replies":[{"embeddable":true,"href":"https:\/\/prensapresidencialvenezuela.gob.ve\/index.php\/wp-json\/wp\/v2\/comments?post=12124"}],"version-history":[{"count":1,"href":"https:\/\/prensapresidencialvenezuela.gob.ve\/index.php\/wp-json\/wp\/v2\/posts\/12124\/revisions"}],"predecessor-version":[{"id":12130,"href":"https:\/\/prensapresidencialvenezuela.gob.ve\/index.php\/wp-json\/wp\/v2\/posts\/12124\/revisions\/12130"}],"wp:featuredmedia":[{"embeddable":true,"href":"https:\/\/prensapresidencialvenezuela.gob.ve\/index.php\/wp-json\/wp\/v2\/media\/12129"}],"wp:attachment":[{"href":"https:\/\/prensapresidencialvenezuela.gob.ve\/index.php\/wp-json\/wp\/v2\/media?parent=12124"}],"wp:term":[{"taxonomy":"category","embeddable":true,"href":"https:\/\/prensapresidencialvenezuela.gob.ve\/index.php\/wp-json\/wp\/v2\/categories?post=12124"},{"taxonomy":"post_tag","embeddable":true,"href":"https:\/\/prensapresidencialvenezuela.gob.ve\/index.php\/wp-json\/wp\/v2\/tags?post=12124"}],"curies":[{"name":"wp","href":"https:\/\/api.w.org\/{rel}","templated":true}]}}