{"id":12176,"date":"2024-06-28T19:33:17","date_gmt":"2024-06-28T23:33:17","guid":{"rendered":"https:\/\/prensapresidencialvenezuela.gob.ve\/?p=12176"},"modified":"2024-06-28T20:36:36","modified_gmt":"2024-06-29T00:36:36","slug":"presidente-maduro-reinaugura-cdi-santa-lucia-y-anuncia-otras-obras","status":"publish","type":"post","link":"https:\/\/prensapresidencialvenezuela.gob.ve\/index.php\/2024\/06\/28\/presidente-maduro-reinaugura-cdi-santa-lucia-y-anuncia-otras-obras\/","title":{"rendered":"Presidente Maduro reinaugura CDI Santa Lucia y anuncia otras obras"},"content":{"rendered":"\n<p><strong>Edo. Miranda.<\/strong> Dando continuidad a su peregrinar, el presidente de la Rep\u00fablica Bolivariana de Venezuela, Nicol\u00e1s Maduro, lleg\u00f3 al municipio Paz Castillo, en el estado Miranda, para reinaugurar el Centro de Diagn\u00f3stico Integral (CDI) \u201cSanta Luc\u00eda\u201d.<\/p>\n\n\n\n<p>Agradeci\u00f3 a las Bricomiles, la Fuerza Armada Nacional Bolivariana, el Poder Popular y el personal de salud del estado, por el trabajo realizado en la recuperaci\u00f3n del CDI y reconoci\u00f3 lo eficiente del 1&#215;10 del Buen Gobierno. \u201cBendito el d\u00eda que creamos el 1 x 10 del buen gobierno\u201d como una v\u00eda para buscar soluciones inmediatas a las distintas problem\u00e1ticas del pueblo por medio de sus reportes.<\/p>\n\n\n\n<p>La rehabilitaci\u00f3n del CDI contempla los tanques subterr\u00e1neos, impermeabilizaci\u00f3n, reparaciones el\u00e9ctricas y dotaci\u00f3n completa de todo el recinto ambulatorio de salud, que adem\u00e1s cuenta con medicina general, emergencia las 24 horas, RX, hospitalizaci\u00f3n, ginecolog\u00eda, traumatolog\u00eda, electrocardiograma, laboratorio, terapia intensiva, quir\u00f3fano para cirug\u00edas menores, gastroenterolog\u00eda, entre otros, y un personal m\u00e9dico profesional cubanos y venezolanos.<\/p>\n\n\n\n<p>Son 96 comunidades beneficiadas, con un total de 62474 habitantes, donde solo en el eje B Macuto se benefician 7 comunidades en un punto y c\u00edrculo de 4 mil 274 habitantes. &nbsp;<\/p>\n\n\n\n<p>El presidente Maduro ratific\u00f3 que todo \u201cesto es \u00fanico, solo logrado en Revoluci\u00f3n para la independencia del Pa\u00eds, para la preservaci\u00f3n de la integridad territorial, para la construcci\u00f3n del nuevo Estado\u201d.<\/p>\n\n\n\n<p>Para finalizar resalt\u00f3 que se est\u00e1 atendiendo la falla de borde grande,como tambi\u00e9n, la unidad educativa \u00abJos\u00e9 Gregorio Hern\u00e1ndez\u201d para atender a ni\u00f1os con necesidades especiales, y la aprobaci\u00f3n de recursos para la construcci\u00f3n de dos canchas deportivas de futbol \u201cde primer mundo\u201d.<\/p>\n\n\n\n<p><strong>Prensa Presidencial \/ Atahualpa Calder\u00f3n<\/strong><\/p>\n","protected":false},"excerpt":{"rendered":"<p>Edo. Miranda. Dando continuidad a su peregrinar, el presidente de la Rep\u00fablica Bolivariana de Venezuela, Nicol\u00e1s Maduro, lleg\u00f3 al municipio Paz Castillo, en el estado Miranda, para reinaugurar el Centro de Diagn\u00f3stico Integral (CDI) \u201cSanta Luc\u00eda\u201d. Agradeci\u00f3 a las Bricomiles, la Fuerza Armada Nacional Bolivariana, el Poder Popular y el personal de salud del estado, [&hellip;]<\/p>\n","protected":false},"author":1,"featured_media":12177,"comment_status":"open","ping_status":"open","sticky":false,"template":"","format":"standard","meta":{"footnotes":""},"categories":[18,7],"tags":[495,164],"class_list":["post-12176","post","type-post","status-publish","format-standard","has-post-thumbnail","hentry","category-noticias-principales","category-notas-de-prensa","tag-cdi","tag-salud"],"_links":{"self":[{"href":"https:\/\/prensapresidencialvenezuela.gob.ve\/index.php\/wp-json\/wp\/v2\/posts\/12176","targetHints":{"allow":["GET"]}}],"collection":[{"href":"https:\/\/prensapresidencialvenezuela.gob.ve\/index.php\/wp-json\/wp\/v2\/posts"}],"about":[{"href":"https:\/\/prensapresidencialvenezuela.gob.ve\/index.php\/wp-json\/wp\/v2\/types\/post"}],"author":[{"embeddable":true,"href":"https:\/\/prensapresidencialvenezuela.gob.ve\/index.php\/wp-json\/wp\/v2\/users\/1"}],"replies":[{"embeddable":true,"href":"https:\/\/prensapresidencialvenezuela.gob.ve\/index.php\/wp-json\/wp\/v2\/comments?post=12176"}],"version-history":[{"count":2,"href":"https:\/\/prensapresidencialvenezuela.gob.ve\/index.php\/wp-json\/wp\/v2\/posts\/12176\/revisions"}],"predecessor-version":[{"id":12182,"href":"https:\/\/prensapresidencialvenezuela.gob.ve\/index.php\/wp-json\/wp\/v2\/posts\/12176\/revisions\/12182"}],"wp:featuredmedia":[{"embeddable":true,"href":"https:\/\/prensapresidencialvenezuela.gob.ve\/index.php\/wp-json\/wp\/v2\/media\/12177"}],"wp:attachment":[{"href":"https:\/\/prensapresidencialvenezuela.gob.ve\/index.php\/wp-json\/wp\/v2\/media?parent=12176"}],"wp:term":[{"taxonomy":"category","embeddable":true,"href":"https:\/\/prensapresidencialvenezuela.gob.ve\/index.php\/wp-json\/wp\/v2\/categories?post=12176"},{"taxonomy":"post_tag","embeddable":true,"href":"https:\/\/prensapresidencialvenezuela.gob.ve\/index.php\/wp-json\/wp\/v2\/tags?post=12176"}],"curies":[{"name":"wp","href":"https:\/\/api.w.org\/{rel}","templated":true}]}}