{"id":12211,"date":"2024-07-01T23:00:15","date_gmt":"2024-07-02T03:00:15","guid":{"rendered":"https:\/\/prensapresidencialvenezuela.gob.ve\/?p=12211"},"modified":"2024-07-01T23:00:16","modified_gmt":"2024-07-02T03:00:16","slug":"junio-de-2024-fue-el-mes-con-la-inflacion-mas-baja-en-39-anos","status":"publish","type":"post","link":"https:\/\/prensapresidencialvenezuela.gob.ve\/index.php\/2024\/07\/01\/junio-de-2024-fue-el-mes-con-la-inflacion-mas-baja-en-39-anos\/","title":{"rendered":"Junio de 2024 fue el mes con la inflaci\u00f3n m\u00e1s baja en 39 a\u00f1os"},"content":{"rendered":"\n<p><strong>Caracas<\/strong>. El presidente de la Rep\u00fablica Bolivariana de Venezuela, Nicol\u00e1s Maduro, en su edici\u00f3n n\u00famero 52 de Con Maduro+,dio un balance en materia econ\u00f3mica, donde destaca el aumento del \u00edndice de la Bolsa de Valores de Caracas (BVC) en 70% en d\u00f3lares al cierre del primer semestre de 2024 vs 2023, esto debido al aumento del capital y la emisi\u00f3n de 6 millones 500 mil acciones nuevas ofrecidas a sus accionistas.<\/p>\n\n\n\n<p>\u201cEs un \u00edndice de salud econ\u00f3mica\u201d dijo el Jefe de Estado, producto de los cambios y resultados para desacelerar la inflaci\u00f3n despu\u00e9s de venir de una hiperinflaci\u00f3n de 344 mil % en 2019, \u201cla fuimos desacelerando con producci\u00f3n nacional, con pol\u00edticas p\u00fablicas correctas, con nuevas inversiones a los sectores econ\u00f3micos para avanzar\u201d, a\u00f1adi\u00f3 que el mes de junio, fue el mes con la inflaci\u00f3n m\u00e1s baja en 39 a\u00f1os en la econom\u00eda venezolana.<\/p>\n\n\n\n<p>Destac\u00f3 adem\u00e1s, que al cierre del primer semestre hay un crecimiento considerable de la econom\u00eda real, econom\u00eda que produce bienes, servicios, productos, comida, riqueza. En cuanto a la recaudaci\u00f3n de impuestos, en este mes que culmina, junio de 2024 se recaud\u00f3 160% m\u00e1s que en junio del a\u00f1o pasado, lo que permite mejorar los ingresos, las pensiones, se transforma en inversi\u00f3n, escuelas, liceos, universidades, CDI, ambulatorios, vivienda, \u201cel objetivo del desarrollo econ\u00f3mico, sobretodo de un nuevo modelo, es la sociedad, el ser humano en el centro, los derechos sociales con una nueva econom\u00eda\u201d.<\/p>\n\n\n\n<p>Resalt\u00f3, que \u201cvamos a cumplir un a\u00f1o con el mismo tipo de cambio, sustentable, manteniendo el crecimiento econ\u00f3mico, aumentando las inversiones y los cr\u00e9ditos a los emprendedores\u201d, lo que denomin\u00f3 como \u201cla salud econ\u00f3mica del sistema cambiario\u201d un sistema sustentado sobre la econom\u00eda real, \u201cnosotros estamos en lo rieles del desarrollo de un modelo econ\u00f3mico que va ser el asombro de Suram\u00e9rica\u201d, afirm\u00f3.<\/p>\n\n\n\n<p>El presidente Maduro refiri\u00f3 que estos datos demuestran estad\u00edstica y cient\u00edficamente que vamos en el camino correcto, con un modelo econ\u00f3mico integrador, diversificado que si produce, poniendo como ejemplo que el alimento del pa\u00eds ya no depende del petr\u00f3leo, como antes que se importaba el 85% de lo que se consum\u00eda, \u201cel abastecimiento que hay ahora es real, es econom\u00eda aut\u00f3noma de Venezuela\u201d.<\/p>\n\n\n\n<p>Dato importante es que el Fondo Monetario Internacional (FMI) se\u00f1al\u00f3 en mayo, de este a\u00f1o,que Venezuela registrar\u00e1 el mayor crecimiento econ\u00f3mico de la regi\u00f3n, delante de Paraguay, Uruguay, Per\u00fa, M\u00e9xico, Brasil, Chile, Bolivia, Colombia, Ecuador y Argentina, \u201cEl a\u00f1o pasado fue de 5,5% este a\u00f1o ser\u00e1 superior al 8% de la econom\u00eda real\u201d agreg\u00f3.&nbsp; <a><\/a><\/p>\n\n\n\n<p>Prensa Presidencial \/ Atahualpa Calder\u00f3n<\/p>\n","protected":false},"excerpt":{"rendered":"<p>Caracas. El presidente de la Rep\u00fablica Bolivariana de Venezuela, Nicol\u00e1s Maduro, en su edici\u00f3n n\u00famero 52 de Con Maduro+,dio un balance en materia econ\u00f3mica, donde destaca el aumento del \u00edndice de la Bolsa de Valores de Caracas (BVC) en 70% en d\u00f3lares al cierre del primer semestre de 2024 vs 2023, esto debido al aumento [&hellip;]<\/p>\n","protected":false},"author":4,"featured_media":12212,"comment_status":"open","ping_status":"open","sticky":false,"template":"","format":"standard","meta":{"footnotes":""},"categories":[18,7],"tags":[465,509,508],"class_list":["post-12211","post","type-post","status-publish","format-standard","has-post-thumbnail","hentry","category-noticias-principales","category-notas-de-prensa","tag-economia","tag-inflacion","tag-junio"],"_links":{"self":[{"href":"https:\/\/prensapresidencialvenezuela.gob.ve\/index.php\/wp-json\/wp\/v2\/posts\/12211","targetHints":{"allow":["GET"]}}],"collection":[{"href":"https:\/\/prensapresidencialvenezuela.gob.ve\/index.php\/wp-json\/wp\/v2\/posts"}],"about":[{"href":"https:\/\/prensapresidencialvenezuela.gob.ve\/index.php\/wp-json\/wp\/v2\/types\/post"}],"author":[{"embeddable":true,"href":"https:\/\/prensapresidencialvenezuela.gob.ve\/index.php\/wp-json\/wp\/v2\/users\/4"}],"replies":[{"embeddable":true,"href":"https:\/\/prensapresidencialvenezuela.gob.ve\/index.php\/wp-json\/wp\/v2\/comments?post=12211"}],"version-history":[{"count":1,"href":"https:\/\/prensapresidencialvenezuela.gob.ve\/index.php\/wp-json\/wp\/v2\/posts\/12211\/revisions"}],"predecessor-version":[{"id":12213,"href":"https:\/\/prensapresidencialvenezuela.gob.ve\/index.php\/wp-json\/wp\/v2\/posts\/12211\/revisions\/12213"}],"wp:featuredmedia":[{"embeddable":true,"href":"https:\/\/prensapresidencialvenezuela.gob.ve\/index.php\/wp-json\/wp\/v2\/media\/12212"}],"wp:attachment":[{"href":"https:\/\/prensapresidencialvenezuela.gob.ve\/index.php\/wp-json\/wp\/v2\/media?parent=12211"}],"wp:term":[{"taxonomy":"category","embeddable":true,"href":"https:\/\/prensapresidencialvenezuela.gob.ve\/index.php\/wp-json\/wp\/v2\/categories?post=12211"},{"taxonomy":"post_tag","embeddable":true,"href":"https:\/\/prensapresidencialvenezuela.gob.ve\/index.php\/wp-json\/wp\/v2\/tags?post=12211"}],"curies":[{"name":"wp","href":"https:\/\/api.w.org\/{rel}","templated":true}]}}