{"id":1222,"date":"2022-02-14T14:38:00","date_gmt":"2022-02-14T14:38:00","guid":{"rendered":"http:\/\/172.27.0.121\/?p=1222"},"modified":"2022-06-07T14:41:00","modified_gmt":"2022-06-07T14:41:00","slug":"otorgan-orden-francisco-de-miranda-a-embajador-de-san-vicente-y-las-granadinas","status":"publish","type":"post","link":"https:\/\/prensapresidencialvenezuela.gob.ve\/index.php\/2022\/02\/14\/otorgan-orden-francisco-de-miranda-a-embajador-de-san-vicente-y-las-granadinas\/","title":{"rendered":"Otorgan Orden Francisco de Miranda a embajador de San Vicente y las Granadinas"},"content":{"rendered":"\n<p><strong>Palacio de Miraflores, Caracas.-<\/strong> De manos del presidente de la Rep\u00fablica, Nicol\u00e1s Maduro, el embajador de San Vicente y las Granadinas, Andreas Wickham, recibe este lunes la Orden Francisco de Miranda, en su Primera Clase, General\u00edsimo, ante la culminaci\u00f3n de su servicio diplom\u00e1tico en Venezuela.<\/p>\n\n\n\n<p>El acto protocolar se realiza en el sal\u00f3n Sim\u00f3n Bol\u00edvar del Palacio de Miraflores, ubicado en Caracas, en reconocimiento a la fraternidad demostrada por Wickham desde que present\u00f3 sus Cartas Credenciales el 19 de septiembre de 2012, fecha en la que tambi\u00e9n se inaugur\u00f3 la Embajada de San Vicente y las Granadinas en Venezuela para brindar representaci\u00f3n diplom\u00e1tica y consular.<\/p>\n\n\n\n<p>Wickham, economista egresado de la Universidad de La Habana, ejerci\u00f3 funciones como Secretario Permanente del Ministerio de Turismo y Cultura (2001-2005), Secretario Permanente del Ministerio de Desarrollo Urbano, Cultura y Trabajo (2005-2008), Secretario Permanente del Ministerio de Transporte y Obras (2008-2009) y Secretario Permanente del Ministerio de Relaciones Exteriores, Comercio Exterior y Asuntos del Consumidor (2009-2012).<\/p>\n\n\n\n<p>Las relaciones diplom\u00e1ticas entre Venezuela y San Vicente y las Granadinas datan del a\u00f1o 1981, sin embargo, ser\u00eda con la llegada del Comandante Hugo Ch\u00e1vez a la Presidencia de la Rep\u00fablica Bolivariana de Venezuela que se intensificar\u00edan las alianzas estrat\u00e9gicas en una acci\u00f3n destinada a la consolidaci\u00f3n de la integraci\u00f3n de Am\u00e9rica Latina y el Caribe.<\/p>\n\n\n\n<p>En aras de profundizar las relaciones bilaterales a nivel pol\u00edtico, econ\u00f3mico y cultural, ambas naciones concurren en mecanismos de cooperaci\u00f3n como la Comunidad de Estados Latinoamericanos y Caribe\u00f1os (CELAC), la Alianza Bolivariana para los Pueblos de Nuestra Am\u00e9rica \u2013 Tratado de Comercio de los Pueblos (ALBA-TCP) y Petrocaribe.<\/p>\n\n\n\n<p>La Orden Francisco de Miranda, creada en 1939, est\u00e1 destinada a reconocer servicios prestados a la ciencia, al progreso del pa\u00eds y al m\u00e9rito sobresaliente.<\/p>\n\n\n\n<p><strong>Prensa Presidencial\/Karelis Gonz\u00e1lez<\/strong><\/p>\n","protected":false},"excerpt":{"rendered":"<p>Palacio de Miraflores, Caracas.- De manos del presidente de la Rep\u00fablica, Nicol\u00e1s Maduro, el embajador de San Vicente y las Granadinas, Andreas Wickham, recibe este lunes la Orden Francisco de Miranda, en su Primera Clase, General\u00edsimo, ante la culminaci\u00f3n de su servicio diplom\u00e1tico en Venezuela. El acto protocolar se realiza en el sal\u00f3n Sim\u00f3n Bol\u00edvar [&hellip;]<\/p>\n","protected":false},"author":6,"featured_media":1223,"comment_status":"open","ping_status":"open","sticky":false,"template":"","format":"standard","meta":{"footnotes":""},"categories":[7],"tags":[],"class_list":["post-1222","post","type-post","status-publish","format-standard","has-post-thumbnail","hentry","category-notas-de-prensa"],"_links":{"self":[{"href":"https:\/\/prensapresidencialvenezuela.gob.ve\/index.php\/wp-json\/wp\/v2\/posts\/1222","targetHints":{"allow":["GET"]}}],"collection":[{"href":"https:\/\/prensapresidencialvenezuela.gob.ve\/index.php\/wp-json\/wp\/v2\/posts"}],"about":[{"href":"https:\/\/prensapresidencialvenezuela.gob.ve\/index.php\/wp-json\/wp\/v2\/types\/post"}],"author":[{"embeddable":true,"href":"https:\/\/prensapresidencialvenezuela.gob.ve\/index.php\/wp-json\/wp\/v2\/users\/6"}],"replies":[{"embeddable":true,"href":"https:\/\/prensapresidencialvenezuela.gob.ve\/index.php\/wp-json\/wp\/v2\/comments?post=1222"}],"version-history":[{"count":1,"href":"https:\/\/prensapresidencialvenezuela.gob.ve\/index.php\/wp-json\/wp\/v2\/posts\/1222\/revisions"}],"predecessor-version":[{"id":1224,"href":"https:\/\/prensapresidencialvenezuela.gob.ve\/index.php\/wp-json\/wp\/v2\/posts\/1222\/revisions\/1224"}],"wp:featuredmedia":[{"embeddable":true,"href":"https:\/\/prensapresidencialvenezuela.gob.ve\/index.php\/wp-json\/wp\/v2\/media\/1223"}],"wp:attachment":[{"href":"https:\/\/prensapresidencialvenezuela.gob.ve\/index.php\/wp-json\/wp\/v2\/media?parent=1222"}],"wp:term":[{"taxonomy":"category","embeddable":true,"href":"https:\/\/prensapresidencialvenezuela.gob.ve\/index.php\/wp-json\/wp\/v2\/categories?post=1222"},{"taxonomy":"post_tag","embeddable":true,"href":"https:\/\/prensapresidencialvenezuela.gob.ve\/index.php\/wp-json\/wp\/v2\/tags?post=1222"}],"curies":[{"name":"wp","href":"https:\/\/api.w.org\/{rel}","templated":true}]}}