{"id":12226,"date":"2024-07-01T23:46:10","date_gmt":"2024-07-02T03:46:10","guid":{"rendered":"https:\/\/prensapresidencialvenezuela.gob.ve\/?p=12226"},"modified":"2024-07-02T19:51:45","modified_gmt":"2024-07-02T23:51:45","slug":"1x10-del-buen-gobierno-se-convertira-en-ley","status":"publish","type":"post","link":"https:\/\/prensapresidencialvenezuela.gob.ve\/index.php\/2024\/07\/01\/1x10-del-buen-gobierno-se-convertira-en-ley\/","title":{"rendered":"1&#215;10 del Buen Gobierno se convertir\u00e1 en Ley"},"content":{"rendered":"\n<p>Teatro Municipal, Caracas.- Al enfatizar que el 1&#215;10 del Buen Gobierno \u00abes el cambio que el pueblo quiere\u00bb, el presidente de la Rep\u00fablica, Nicol\u00e1s Maduro, anunci\u00f3 que para profundizar su accionar lo convertir\u00e1 en Ley de la Rep\u00fablica.<\/p>\n\n\n\n<p>En este sentido, asever\u00f3 que el instrumento jur\u00eddico obligar\u00e1 a los funcionarios p\u00fablicos a cumplir cabalmente con su labor de atender de manera directa, inmediata y eficaz las demandas m\u00e1s sensibles del pueblo venezolano.<\/p>\n\n\n\n<p>\u00abEstoy pensando ahora, para el segundo semestre, meter una Ley que sea punitiva del 1&#215;10 del Buen Gobierno para que el que no atienda las demandas se pueda actuar legalmente\u00bb, apunt\u00f3.<\/p>\n\n\n\n<p>Explic\u00f3 que el 1&#215;10 del Buen Gobierno es un m\u00e9todo creado para \u00abromper con la burocracia, la incomunicaci\u00f3n y la indolencia\u00bb, garantizando soluciones oportunas a las denuncias del pueblo de a pie.<\/p>\n\n\n\n<p>Por otro lado, el Jefe de Estado destac\u00f3 el exitoso despliegue del 1&#215;10 del Buen Gobierno, que ya supera el 90% de casos atendidos a trav\u00e9s de la VenApp.<\/p>\n\n\n\n<p>\u201cEl 1X10 del Buen Gobierno puede anunciar que super\u00f3 el 90% de atenci\u00f3n y soluci\u00f3n de los casos reportados por la l\u00ednea VenApp, l\u00ednea 58\u201d, pormenoriz\u00f3.<\/p>\n\n\n\n<p>El sistema de 1&#215;10 del buen Gobierno es una herramienta de participaci\u00f3n e interacci\u00f3n del Poder Popular con todas las instancias de gobierno, es la c\u00e9lula para renovar la conexi\u00f3n y relaci\u00f3n con el pueblo, creando m\u00e9todos interactivos de comunicaci\u00f3n y soluci\u00f3n permanente.<\/p>\n\n\n\n<p>Prensa Presidencial\/ Eduardo Hueck<\/p>\n","protected":false},"excerpt":{"rendered":"<p>Teatro Municipal, Caracas.- Al enfatizar que el 1&#215;10 del Buen Gobierno \u00abes el cambio que el pueblo quiere\u00bb, el presidente de la Rep\u00fablica, Nicol\u00e1s Maduro, anunci\u00f3 que para profundizar su accionar lo convertir\u00e1 en Ley de la Rep\u00fablica. En este sentido, asever\u00f3 que el instrumento jur\u00eddico obligar\u00e1 a los funcionarios p\u00fablicos a cumplir cabalmente con [&hellip;]<\/p>\n","protected":false},"author":4,"featured_media":12227,"comment_status":"open","ping_status":"open","sticky":false,"template":"","format":"standard","meta":{"footnotes":""},"categories":[18,7],"tags":[477,515],"class_list":["post-12226","post","type-post","status-publish","format-standard","has-post-thumbnail","hentry","category-noticias-principales","category-notas-de-prensa","tag-gobierno","tag-ley"],"_links":{"self":[{"href":"https:\/\/prensapresidencialvenezuela.gob.ve\/index.php\/wp-json\/wp\/v2\/posts\/12226","targetHints":{"allow":["GET"]}}],"collection":[{"href":"https:\/\/prensapresidencialvenezuela.gob.ve\/index.php\/wp-json\/wp\/v2\/posts"}],"about":[{"href":"https:\/\/prensapresidencialvenezuela.gob.ve\/index.php\/wp-json\/wp\/v2\/types\/post"}],"author":[{"embeddable":true,"href":"https:\/\/prensapresidencialvenezuela.gob.ve\/index.php\/wp-json\/wp\/v2\/users\/4"}],"replies":[{"embeddable":true,"href":"https:\/\/prensapresidencialvenezuela.gob.ve\/index.php\/wp-json\/wp\/v2\/comments?post=12226"}],"version-history":[{"count":1,"href":"https:\/\/prensapresidencialvenezuela.gob.ve\/index.php\/wp-json\/wp\/v2\/posts\/12226\/revisions"}],"predecessor-version":[{"id":12228,"href":"https:\/\/prensapresidencialvenezuela.gob.ve\/index.php\/wp-json\/wp\/v2\/posts\/12226\/revisions\/12228"}],"wp:featuredmedia":[{"embeddable":true,"href":"https:\/\/prensapresidencialvenezuela.gob.ve\/index.php\/wp-json\/wp\/v2\/media\/12227"}],"wp:attachment":[{"href":"https:\/\/prensapresidencialvenezuela.gob.ve\/index.php\/wp-json\/wp\/v2\/media?parent=12226"}],"wp:term":[{"taxonomy":"category","embeddable":true,"href":"https:\/\/prensapresidencialvenezuela.gob.ve\/index.php\/wp-json\/wp\/v2\/categories?post=12226"},{"taxonomy":"post_tag","embeddable":true,"href":"https:\/\/prensapresidencialvenezuela.gob.ve\/index.php\/wp-json\/wp\/v2\/tags?post=12226"}],"curies":[{"name":"wp","href":"https:\/\/api.w.org\/{rel}","templated":true}]}}