{"id":12237,"date":"2024-07-02T22:37:59","date_gmt":"2024-07-03T02:37:59","guid":{"rendered":"https:\/\/prensapresidencialvenezuela.gob.ve\/?p=12237"},"modified":"2024-07-03T09:59:30","modified_gmt":"2024-07-03T13:59:30","slug":"presidente-venezuela-ha-resistido-y-remontado-la-guerra-economica","status":"publish","type":"post","link":"https:\/\/prensapresidencialvenezuela.gob.ve\/index.php\/2024\/07\/02\/presidente-venezuela-ha-resistido-y-remontado-la-guerra-economica\/","title":{"rendered":"Presidente: Venezuela ha resistido y remontado la guerra econ\u00f3mica"},"content":{"rendered":"\n<p><strong>Teatro Teresa Carre\u00f1o.- <\/strong>&nbsp;Durante el Encuentro Nacional de las 5 Generaciones y 7 Fuerzas, el presidente de la Rep\u00fablica, Nicol\u00e1s Maduro Moros, destac\u00f3 que el Gobierno Bolivariano ha logrado resistir y remontar la guerra econ\u00f3mica.<\/p>\n\n\n\n<p>\u201cHemos logrado resistir y remontar la guerra econ\u00f3mica y provocar los cambios que el pa\u00eds necesita y hoy tenemos una econom\u00eda creciendo y robusta\u201d, indic\u00f3.<\/p>\n\n\n\n<p>Asimismo, pormenoriz\u00f3 que gracias a los cuatro modelos para medir la salud de la econom\u00eda (desaceleraci\u00f3n de la inflaci\u00f3n, estabilidad del sistema cambiario, crecimiento econ\u00f3mico y recaudaci\u00f3n tributaria), el crecimiento econ\u00f3mico en el primer semestre, supera el 8 % por ciento de la econom\u00eda real, el a\u00f1o pasado fue 5.5 %.<\/p>\n\n\n\n<p>\u201cLa proyecci\u00f3n de este a\u00f1o es 8%, pareciera que vamos por m\u00e1s (&#8230;) La econom\u00eda que produce bienes y servicios, genera empleo, emprendimientos, actividad econ\u00f3mica, que florece el pa\u00eds\u201d, detall\u00f3.<\/p>\n\n\n\n<p>El Jefe de Estado resalt\u00f3 que la tendencia de desaceleraci\u00f3n y derrota de la inflaci\u00f3n est\u00e1 consolidada.<\/p>\n\n\n\n<p>\u201cEn el mes de mayo tuvimos el \u00edndice de inflaci\u00f3n m\u00e1s bajo en dieciocho a\u00f1os, en el mes de junio hemos tenido el nivel de inflaci\u00f3n m\u00e1s bajo en 39 a\u00f1os de econom\u00eda venezolana\u201d, indic\u00f3 durante este encuentro celebrado en el Teatro Teresa Carre\u00f1o.<\/p>\n\n\n\n<p><strong>Prensa Presidencial \/ Eduardo Hueck<\/strong><\/p>\n","protected":false},"excerpt":{"rendered":"<p>Teatro Teresa Carre\u00f1o.- &nbsp;Durante el Encuentro Nacional de las 5 Generaciones y 7 Fuerzas, el presidente de la Rep\u00fablica, Nicol\u00e1s Maduro Moros, destac\u00f3 que el Gobierno Bolivariano ha logrado resistir y remontar la guerra econ\u00f3mica. \u201cHemos logrado resistir y remontar la guerra econ\u00f3mica y provocar los cambios que el pa\u00eds necesita y hoy tenemos una [&hellip;]<\/p>\n","protected":false},"author":1,"featured_media":12238,"comment_status":"open","ping_status":"open","sticky":false,"template":"","format":"standard","meta":{"footnotes":""},"categories":[18,7],"tags":[465,20],"class_list":["post-12237","post","type-post","status-publish","format-standard","has-post-thumbnail","hentry","category-noticias-principales","category-notas-de-prensa","tag-economia","tag-venezuela"],"_links":{"self":[{"href":"https:\/\/prensapresidencialvenezuela.gob.ve\/index.php\/wp-json\/wp\/v2\/posts\/12237","targetHints":{"allow":["GET"]}}],"collection":[{"href":"https:\/\/prensapresidencialvenezuela.gob.ve\/index.php\/wp-json\/wp\/v2\/posts"}],"about":[{"href":"https:\/\/prensapresidencialvenezuela.gob.ve\/index.php\/wp-json\/wp\/v2\/types\/post"}],"author":[{"embeddable":true,"href":"https:\/\/prensapresidencialvenezuela.gob.ve\/index.php\/wp-json\/wp\/v2\/users\/1"}],"replies":[{"embeddable":true,"href":"https:\/\/prensapresidencialvenezuela.gob.ve\/index.php\/wp-json\/wp\/v2\/comments?post=12237"}],"version-history":[{"count":1,"href":"https:\/\/prensapresidencialvenezuela.gob.ve\/index.php\/wp-json\/wp\/v2\/posts\/12237\/revisions"}],"predecessor-version":[{"id":12239,"href":"https:\/\/prensapresidencialvenezuela.gob.ve\/index.php\/wp-json\/wp\/v2\/posts\/12237\/revisions\/12239"}],"wp:featuredmedia":[{"embeddable":true,"href":"https:\/\/prensapresidencialvenezuela.gob.ve\/index.php\/wp-json\/wp\/v2\/media\/12238"}],"wp:attachment":[{"href":"https:\/\/prensapresidencialvenezuela.gob.ve\/index.php\/wp-json\/wp\/v2\/media?parent=12237"}],"wp:term":[{"taxonomy":"category","embeddable":true,"href":"https:\/\/prensapresidencialvenezuela.gob.ve\/index.php\/wp-json\/wp\/v2\/categories?post=12237"},{"taxonomy":"post_tag","embeddable":true,"href":"https:\/\/prensapresidencialvenezuela.gob.ve\/index.php\/wp-json\/wp\/v2\/tags?post=12237"}],"curies":[{"name":"wp","href":"https:\/\/api.w.org\/{rel}","templated":true}]}}