{"id":12300,"date":"2024-07-05T18:13:05","date_gmt":"2024-07-05T22:13:05","guid":{"rendered":"https:\/\/prensapresidencialvenezuela.gob.ve\/?p=12300"},"modified":"2024-07-05T18:13:05","modified_gmt":"2024-07-05T22:13:05","slug":"la-union-civico-militar-trajo-la-historia-libertaria-al-siglo-xxi","status":"publish","type":"post","link":"https:\/\/prensapresidencialvenezuela.gob.ve\/index.php\/2024\/07\/05\/la-union-civico-militar-trajo-la-historia-libertaria-al-siglo-xxi\/","title":{"rendered":"La uni\u00f3n c\u00edvico-militar trajo la historia libertaria al siglo XXI"},"content":{"rendered":"\n<p><strong>Fuerte Tiuna, Caracas.- <\/strong>\u201cNo hay diferencia, no hay distancia entre el pueblo y militares en nuestra doctrina no, nuestra doctrina es la m\u00e1s hermosa porque es la que vio nacer los ej\u00e9rcitos populares de (Sim\u00f3n) Bol\u00edvar, de (Ezequiel) Zamora, tra\u00edda al siglo XXI donde la Fuerza Armada Nacional es Bolivariana, es pueblo en armas y basa su doctrina en una poderosa uni\u00f3n C\u00edvico-Militar, del Poder Popular y del poder militar para garantizar la democracia, libertades de un pa\u00eds y de un pueblo\u201d.<\/p>\n\n\n\n<p>Las palabras corresponden al presidente de la Rep\u00fablica y comandante en Jefe de la Fuerza Armada Nacional es Bolivariana (FANB), Nicol\u00e1s Maduro Moros, durante los 213\u00ba aniversario de de la Declaraci\u00f3n de la Independencia y D\u00eda de la Fuerza Armada Nacional es Bolivariana.<\/p>\n\n\n\n<p>Indic\u00f3 que gracias a esta uni\u00f3n fueron superadas las dificultades y pruebas que surgieron.<\/p>\n\n\n\n<p>\u201cCuando surgieron traidores y golpistas aquel 30 de abril 2019, pueblo y fuerza armada unidos, sin disparar un tiro los derrotamos, que bochorno para esa gente fascistas. Cuando trataron de invadir Venezuela el 3 de mayo 2020, en plena pandemia, los descubrimos, los enfrentamos y los derrotamos que bochorno mundial para quienes los prepararon y los financiaron, y la Patria sali\u00f3 en victoria\u201d, rememor\u00f3.<\/p>\n\n\n\n<p>El jefe de Estado tambi\u00e9n destac\u00f3, durante el acto, que la FANB fue refundada por el comandante Hugo Ch\u00e1vez \u201cpara consolidar el camino nuevo del siglo XXI hacia la independencia integral, para garantizar la integridad territorial de nuestra amada Patria venezolana, para garantizar la seguridad interna\u201d, a\u00f1adiendo que es anticolonialista y naci\u00f3 del m\u00e1s poderoso ej\u00e9rcito que jam\u00e1s haya existido.<\/p>\n\n\n\n<p>\u201cPorque este ej\u00e9rcito de libertadores y libertadoras naci\u00f3 como el m\u00e1s poderoso ej\u00e9rcito que jam\u00e1s haya existido para reventarle el espinazo al ej\u00e9rcito imperial colonialista y genocida que domin\u00f3 300 a\u00f1os nuestra Am\u00e9rica. Esta es la Fuerza Armada Nacional Bolivariana, anticolonialista, que naci\u00f3 como una fuerza con sus armas para enfrentar el imperio m\u00e1s poderoso que insisti\u00f3 para la \u00e9poca y para verlo a cenizas en sus pies. De ah\u00ed venimos muchachos, muchachas, oficiales, soldados, soldadas\u201d, evoc\u00f3.<\/p>\n\n\n\n<p>Asimismo, durante el acto solemne asever\u00f3: \u201cpuedo decir, solemnemente, como comandante en Jefe Constitucional, que de manera orgullosa llevo las riendas militares de la naci\u00f3n, misi\u00f3n cumplida, Venezuela est\u00e1 en paz, estabilidad, unida y so\u00f1ando con un futuro promisor y grande de independencia, de bienestar y de felicidad. Le digo al pueblo: Defendamos lo nuestro, nos pertenece nuestra tierra\u201d.<\/p>\n\n\n\n<p>Las palabras del Comandante en Jefe de FANB, fueron motivadas ante la solicitud de permiso para dar inicio al desfile c\u00edvico-militar, en conmemoraci\u00f3n a los 213 a\u00f1os de la Declaraci\u00f3n de la Independencia y D\u00eda de la Fuerza Armada Nacional Bolivariana.<\/p>\n\n\n\n<p>\u201cHoy 5 de julio, levanto mi bast\u00f3n de mando para decir: Venezuela, siempre vence. Autorizado, vamos al desfile, con el pueblo, siempre con el pueblo\u201d, orden\u00f3.<\/p>\n\n\n\n<p><strong>Prensa Presidencial \/ Eduardo Hueck<\/strong><\/p>\n","protected":false},"excerpt":{"rendered":"<p>Fuerte Tiuna, Caracas.- \u201cNo hay diferencia, no hay distancia entre el pueblo y militares en nuestra doctrina no, nuestra doctrina es la m\u00e1s hermosa porque es la que vio nacer los ej\u00e9rcitos populares de (Sim\u00f3n) Bol\u00edvar, de (Ezequiel) Zamora, tra\u00edda al siglo XXI donde la Fuerza Armada Nacional es Bolivariana, es pueblo en armas y [&hellip;]<\/p>\n","protected":false},"author":1,"featured_media":12301,"comment_status":"open","ping_status":"open","sticky":false,"template":"","format":"standard","meta":{"footnotes":""},"categories":[18,7],"tags":[550,551,552],"class_list":["post-12300","post","type-post","status-publish","format-standard","has-post-thumbnail","hentry","category-noticias-principales","category-notas-de-prensa","tag-doctrina","tag-libertario","tag-union"],"_links":{"self":[{"href":"https:\/\/prensapresidencialvenezuela.gob.ve\/index.php\/wp-json\/wp\/v2\/posts\/12300","targetHints":{"allow":["GET"]}}],"collection":[{"href":"https:\/\/prensapresidencialvenezuela.gob.ve\/index.php\/wp-json\/wp\/v2\/posts"}],"about":[{"href":"https:\/\/prensapresidencialvenezuela.gob.ve\/index.php\/wp-json\/wp\/v2\/types\/post"}],"author":[{"embeddable":true,"href":"https:\/\/prensapresidencialvenezuela.gob.ve\/index.php\/wp-json\/wp\/v2\/users\/1"}],"replies":[{"embeddable":true,"href":"https:\/\/prensapresidencialvenezuela.gob.ve\/index.php\/wp-json\/wp\/v2\/comments?post=12300"}],"version-history":[{"count":1,"href":"https:\/\/prensapresidencialvenezuela.gob.ve\/index.php\/wp-json\/wp\/v2\/posts\/12300\/revisions"}],"predecessor-version":[{"id":12302,"href":"https:\/\/prensapresidencialvenezuela.gob.ve\/index.php\/wp-json\/wp\/v2\/posts\/12300\/revisions\/12302"}],"wp:featuredmedia":[{"embeddable":true,"href":"https:\/\/prensapresidencialvenezuela.gob.ve\/index.php\/wp-json\/wp\/v2\/media\/12301"}],"wp:attachment":[{"href":"https:\/\/prensapresidencialvenezuela.gob.ve\/index.php\/wp-json\/wp\/v2\/media?parent=12300"}],"wp:term":[{"taxonomy":"category","embeddable":true,"href":"https:\/\/prensapresidencialvenezuela.gob.ve\/index.php\/wp-json\/wp\/v2\/categories?post=12300"},{"taxonomy":"post_tag","embeddable":true,"href":"https:\/\/prensapresidencialvenezuela.gob.ve\/index.php\/wp-json\/wp\/v2\/tags?post=12300"}],"curies":[{"name":"wp","href":"https:\/\/api.w.org\/{rel}","templated":true}]}}