{"id":12307,"date":"2024-07-05T20:52:43","date_gmt":"2024-07-06T00:52:43","guid":{"rendered":"https:\/\/prensapresidencialvenezuela.gob.ve\/?p=12307"},"modified":"2024-07-05T20:52:44","modified_gmt":"2024-07-06T00:52:44","slug":"presidente-ordena-a-la-fiscalia-investigar-denuncia-de-grupo-paramilitar-colombiano","status":"publish","type":"post","link":"https:\/\/prensapresidencialvenezuela.gob.ve\/index.php\/2024\/07\/05\/presidente-ordena-a-la-fiscalia-investigar-denuncia-de-grupo-paramilitar-colombiano\/","title":{"rendered":"Presidente ordena a la Fiscal\u00eda investigar denuncia de grupo paramilitar colombiano"},"content":{"rendered":"\n<p><strong>Parroquia Urimare, estado La Guaira.-<\/strong> El presidente de la Rep\u00fablica Bolivariana de Venezuela, Nicol\u00e1s Maduro, inform\u00f3 que grupo paramilitar colombiano, denominado Las Autodefensas Conquistadoras de la Sierra, denuncia que \u201cfueron contactados por la ultraderecha venezolana, para ingresar a unos mil hombres y generar violencia en los estados fronterizos, atacar el servicio el\u00e9ctrico y cuando ellos griten fraude el 28 de julio, entrar a generar la sensaci\u00f3n de una guerra civil en Venezuela\u201d.<\/p>\n\n\n\n<p>En esa l\u00ednea, pidi\u00f3 al Fiscal General de la Rep\u00fablica, Tarek William Saab, asuma la investigaci\u00f3n, durante su programa \u201cCon Maduro de Repente\u201d, desde la parroquia Urimare, en el estado La Guaira.<\/p>\n\n\n\n<p>\u201cEs muy grave (la informaci\u00f3n) que me mandan los jefes de inteligencia, jefes policiales, jefes militares, me lo mandan desde Colombia\u201d, se\u00f1al\u00f3 el jefe de Estado.<\/p>\n\n\n\n<p>Ratific\u00f3 al pueblo que \u00abestamos en una batalla por el derecho a la paz\u00bb y&nbsp; que \u00abnadie va a embochinchar a Venezuela\u00bb.<\/p>\n\n\n\n<p><strong>Cumanacoa<\/strong><\/p>\n\n\n\n<p>Por otra parte, el Mandatario recibi\u00f3 un reporte del Mayor General Lockiby Belmonte, Autoridad \u00danica de Cumanacoa, quien inform\u00f3 que a trav\u00e9s de Protecci\u00f3n Civil, han sido verificadas 4 mil de las 7.970 viviendas afectadas, con miras a \u201cfinalizar el censo\u201d.<\/p>\n\n\n\n<p>Antes de iniciar su programa \u201cCon Maduro de Repente\u201d, en el estado La Guaira, el jefe de Estado sostuvo un encuentro amoroso con los habitantes del Urbanismo Comandante Hugo Ch\u00e1vez en la parroquia Urimare.<\/p>\n\n\n\n<p><strong>Prensa Presidencial<\/strong><\/p>\n","protected":false},"excerpt":{"rendered":"<p>Parroquia Urimare, estado La Guaira.- El presidente de la Rep\u00fablica Bolivariana de Venezuela, Nicol\u00e1s Maduro, inform\u00f3 que grupo paramilitar colombiano, denominado Las Autodefensas Conquistadoras de la Sierra, denuncia que \u201cfueron contactados por la ultraderecha venezolana, para ingresar a unos mil hombres y generar violencia en los estados fronterizos, atacar el servicio el\u00e9ctrico y cuando ellos [&hellip;]<\/p>\n","protected":false},"author":1,"featured_media":12308,"comment_status":"open","ping_status":"open","sticky":false,"template":"","format":"standard","meta":{"footnotes":""},"categories":[18,7],"tags":[556,555,557,20],"class_list":["post-12307","post","type-post","status-publish","format-standard","has-post-thumbnail","hentry","category-noticias-principales","category-notas-de-prensa","tag-fiscalia","tag-investigacion","tag-paz","tag-venezuela"],"_links":{"self":[{"href":"https:\/\/prensapresidencialvenezuela.gob.ve\/index.php\/wp-json\/wp\/v2\/posts\/12307","targetHints":{"allow":["GET"]}}],"collection":[{"href":"https:\/\/prensapresidencialvenezuela.gob.ve\/index.php\/wp-json\/wp\/v2\/posts"}],"about":[{"href":"https:\/\/prensapresidencialvenezuela.gob.ve\/index.php\/wp-json\/wp\/v2\/types\/post"}],"author":[{"embeddable":true,"href":"https:\/\/prensapresidencialvenezuela.gob.ve\/index.php\/wp-json\/wp\/v2\/users\/1"}],"replies":[{"embeddable":true,"href":"https:\/\/prensapresidencialvenezuela.gob.ve\/index.php\/wp-json\/wp\/v2\/comments?post=12307"}],"version-history":[{"count":1,"href":"https:\/\/prensapresidencialvenezuela.gob.ve\/index.php\/wp-json\/wp\/v2\/posts\/12307\/revisions"}],"predecessor-version":[{"id":12309,"href":"https:\/\/prensapresidencialvenezuela.gob.ve\/index.php\/wp-json\/wp\/v2\/posts\/12307\/revisions\/12309"}],"wp:featuredmedia":[{"embeddable":true,"href":"https:\/\/prensapresidencialvenezuela.gob.ve\/index.php\/wp-json\/wp\/v2\/media\/12308"}],"wp:attachment":[{"href":"https:\/\/prensapresidencialvenezuela.gob.ve\/index.php\/wp-json\/wp\/v2\/media?parent=12307"}],"wp:term":[{"taxonomy":"category","embeddable":true,"href":"https:\/\/prensapresidencialvenezuela.gob.ve\/index.php\/wp-json\/wp\/v2\/categories?post=12307"},{"taxonomy":"post_tag","embeddable":true,"href":"https:\/\/prensapresidencialvenezuela.gob.ve\/index.php\/wp-json\/wp\/v2\/tags?post=12307"}],"curies":[{"name":"wp","href":"https:\/\/api.w.org\/{rel}","templated":true}]}}