{"id":1232,"date":"2022-02-14T14:44:00","date_gmt":"2022-02-14T14:44:00","guid":{"rendered":"http:\/\/172.27.0.121\/?p=1232"},"modified":"2022-06-07T14:46:29","modified_gmt":"2022-06-07T14:46:29","slug":"maduro-agradece-a-san-vicente-y-las-granadinas-por-solidaridad-en-defensa-de-la-soberania","status":"publish","type":"post","link":"https:\/\/prensapresidencialvenezuela.gob.ve\/index.php\/2022\/02\/14\/maduro-agradece-a-san-vicente-y-las-granadinas-por-solidaridad-en-defensa-de-la-soberania\/","title":{"rendered":"Maduro agradece a San Vicente y las Granadinas por solidaridad en defensa de la soberan\u00eda"},"content":{"rendered":"\n<p><strong>Palacio de Miraflores, Caracas.-<\/strong> El presidente de la Rep\u00fablica Bolivariana de Venezuela, Nicol\u00e1s Maduro, manifest\u00f3 sus palabras de agradecimiento por la solidaridad del gobierno de San Vicente y las Granadinas en defensa de la soberan\u00eda nacional venezolana.<\/p>\n\n\n\n<p>Durante el acto de despedida ante la culminaci\u00f3n de los servicios del diplom\u00e1tico Andreas Wickham, embajador de la naci\u00f3n caribe\u00f1a, as\u00ed como tambi\u00e9n la entrega de condecoraci\u00f3n de la Orden Francisco de Miranda, en su Primera Clase, General\u00edsimo, el Jefe de Estado venezolano, expres\u00f3 la uni\u00f3n fraterna con el pueblo caribe\u00f1o.<\/p>\n\n\n\n<p>\u201cNos une la amistad y el amor por las grandes causas (\u2026) Han pasado casi diez a\u00f1os y usted es testigo de primer orden de lo que hemos vivido en esta \u00faltima d\u00e9cada\u201d, puntualiz\u00f3 desde el sal\u00f3n Sim\u00f3n Bol\u00edvar del Palacio de Miraflores.<\/p>\n\n\n\n<p>Asimismo, asegur\u00f3 que Venezuela es un pueblo pac\u00edfico que todos los d\u00edas construye la paz. \u201cHemos tenido momentos de lucha intensa por los derechos de los venezolanos para vivir en paz, para ser independientes, por defender a nuestra dignidad nacional y el desarrollo\u201d.<\/p>\n\n\n\n<p><strong>Prensa Presidencia\/Joelin Jim\u00e9nez<\/strong><\/p>\n","protected":false},"excerpt":{"rendered":"<p>Palacio de Miraflores, Caracas.- El presidente de la Rep\u00fablica Bolivariana de Venezuela, Nicol\u00e1s Maduro, manifest\u00f3 sus palabras de agradecimiento por la solidaridad del gobierno de San Vicente y las Granadinas en defensa de la soberan\u00eda nacional venezolana. Durante el acto de despedida ante la culminaci\u00f3n de los servicios del diplom\u00e1tico Andreas Wickham, embajador de la [&hellip;]<\/p>\n","protected":false},"author":6,"featured_media":1233,"comment_status":"open","ping_status":"open","sticky":false,"template":"","format":"standard","meta":{"footnotes":""},"categories":[7],"tags":[],"class_list":["post-1232","post","type-post","status-publish","format-standard","has-post-thumbnail","hentry","category-notas-de-prensa"],"_links":{"self":[{"href":"https:\/\/prensapresidencialvenezuela.gob.ve\/index.php\/wp-json\/wp\/v2\/posts\/1232","targetHints":{"allow":["GET"]}}],"collection":[{"href":"https:\/\/prensapresidencialvenezuela.gob.ve\/index.php\/wp-json\/wp\/v2\/posts"}],"about":[{"href":"https:\/\/prensapresidencialvenezuela.gob.ve\/index.php\/wp-json\/wp\/v2\/types\/post"}],"author":[{"embeddable":true,"href":"https:\/\/prensapresidencialvenezuela.gob.ve\/index.php\/wp-json\/wp\/v2\/users\/6"}],"replies":[{"embeddable":true,"href":"https:\/\/prensapresidencialvenezuela.gob.ve\/index.php\/wp-json\/wp\/v2\/comments?post=1232"}],"version-history":[{"count":1,"href":"https:\/\/prensapresidencialvenezuela.gob.ve\/index.php\/wp-json\/wp\/v2\/posts\/1232\/revisions"}],"predecessor-version":[{"id":1234,"href":"https:\/\/prensapresidencialvenezuela.gob.ve\/index.php\/wp-json\/wp\/v2\/posts\/1232\/revisions\/1234"}],"wp:featuredmedia":[{"embeddable":true,"href":"https:\/\/prensapresidencialvenezuela.gob.ve\/index.php\/wp-json\/wp\/v2\/media\/1233"}],"wp:attachment":[{"href":"https:\/\/prensapresidencialvenezuela.gob.ve\/index.php\/wp-json\/wp\/v2\/media?parent=1232"}],"wp:term":[{"taxonomy":"category","embeddable":true,"href":"https:\/\/prensapresidencialvenezuela.gob.ve\/index.php\/wp-json\/wp\/v2\/categories?post=1232"},{"taxonomy":"post_tag","embeddable":true,"href":"https:\/\/prensapresidencialvenezuela.gob.ve\/index.php\/wp-json\/wp\/v2\/tags?post=1232"}],"curies":[{"name":"wp","href":"https:\/\/api.w.org\/{rel}","templated":true}]}}