{"id":12325,"date":"2024-07-06T18:08:00","date_gmt":"2024-07-06T22:08:00","guid":{"rendered":"https:\/\/prensapresidencialvenezuela.gob.ve\/?p=12325"},"modified":"2024-07-11T15:23:59","modified_gmt":"2024-07-11T19:23:59","slug":"presidente-denuncia-que-vieja-ideologia-fascista-pretende-contratar-a-paramilitares-y-asesinar-al-pueblo-con-nueva-guarimba","status":"publish","type":"post","link":"https:\/\/prensapresidencialvenezuela.gob.ve\/index.php\/2024\/07\/06\/presidente-denuncia-que-vieja-ideologia-fascista-pretende-contratar-a-paramilitares-y-asesinar-al-pueblo-con-nueva-guarimba\/","title":{"rendered":"Presidente denuncia que vieja ideolog\u00eda fascista pretende contratar a paramilitares y asesinar al pueblo con nueva guarimba"},"content":{"rendered":"\n<p><strong>Barquisimeto, estado Lara.-<\/strong> El presidente de la Rep\u00fablica Bolivariana de Venezuela, Nicol\u00e1s Maduro, denunci\u00f3 que la vieja ideolog\u00eda decr\u00e9pita y fascista pretende contratar paramilitares de Colombia y asesinar al pueblo con una nueva guarimba.<\/p>\n\n\n\n<p>\u201c(\u2026) porque ellos dicen que si ganan van a cobrar, pretenden venir, como se supo hoy, a contratar paramilitares <a><\/a>de Colombia para venir a asesinar al pueblo con una nueva guarimba\u201d, manifest\u00f3.<\/p>\n\n\n\n<p>En esa l\u00ednea, pregunt\u00f3 al pueblo de Lara \u201c\u00bfUstedes quieren violencia y guarimba?\u201d, a lo que se escuch\u00f3, por parte de los hombres y mujeres en la concentraci\u00f3n un contundente no, rechazando la acci\u00f3n de la extrema derecha.<\/p>\n\n\n\n<p>En el discurso dirigido al pueblo, Maduro expres\u00f3 su firmeza en la defensa de Venezuela y su determinaci\u00f3n de no permitir que se desestabilice el pa\u00eds, reiterando que no importaran los apellidos, no se les permitir\u00e1 guarimbas.<\/p>\n\n\n\n<p>\u201cSe los digo, se los reitero ante estas nubes cargadas, si se comen la luz vamos por ellos, tengan el apellido que tengan, no voy a permitir que embochichen a Venezuela\u201d, enfatiz\u00f3.<\/p>\n\n\n\n<p><strong>Prensa Presidencial \/ Eduardo Hueck<\/strong><\/p>\n","protected":false},"excerpt":{"rendered":"<p>Barquisimeto, estado Lara.- El presidente de la Rep\u00fablica Bolivariana de Venezuela, Nicol\u00e1s Maduro, denunci\u00f3 que la vieja ideolog\u00eda decr\u00e9pita y fascista pretende contratar paramilitares de Colombia y asesinar al pueblo con una nueva guarimba. \u201c(\u2026) porque ellos dicen que si ganan van a cobrar, pretenden venir, como se supo hoy, a contratar paramilitares de Colombia [&hellip;]<\/p>\n","protected":false},"author":1,"featured_media":12326,"comment_status":"open","ping_status":"open","sticky":false,"template":"","format":"standard","meta":{"footnotes":""},"categories":[18,7],"tags":[],"class_list":["post-12325","post","type-post","status-publish","format-standard","has-post-thumbnail","hentry","category-noticias-principales","category-notas-de-prensa"],"_links":{"self":[{"href":"https:\/\/prensapresidencialvenezuela.gob.ve\/index.php\/wp-json\/wp\/v2\/posts\/12325","targetHints":{"allow":["GET"]}}],"collection":[{"href":"https:\/\/prensapresidencialvenezuela.gob.ve\/index.php\/wp-json\/wp\/v2\/posts"}],"about":[{"href":"https:\/\/prensapresidencialvenezuela.gob.ve\/index.php\/wp-json\/wp\/v2\/types\/post"}],"author":[{"embeddable":true,"href":"https:\/\/prensapresidencialvenezuela.gob.ve\/index.php\/wp-json\/wp\/v2\/users\/1"}],"replies":[{"embeddable":true,"href":"https:\/\/prensapresidencialvenezuela.gob.ve\/index.php\/wp-json\/wp\/v2\/comments?post=12325"}],"version-history":[{"count":2,"href":"https:\/\/prensapresidencialvenezuela.gob.ve\/index.php\/wp-json\/wp\/v2\/posts\/12325\/revisions"}],"predecessor-version":[{"id":12385,"href":"https:\/\/prensapresidencialvenezuela.gob.ve\/index.php\/wp-json\/wp\/v2\/posts\/12325\/revisions\/12385"}],"wp:featuredmedia":[{"embeddable":true,"href":"https:\/\/prensapresidencialvenezuela.gob.ve\/index.php\/wp-json\/wp\/v2\/media\/12326"}],"wp:attachment":[{"href":"https:\/\/prensapresidencialvenezuela.gob.ve\/index.php\/wp-json\/wp\/v2\/media?parent=12325"}],"wp:term":[{"taxonomy":"category","embeddable":true,"href":"https:\/\/prensapresidencialvenezuela.gob.ve\/index.php\/wp-json\/wp\/v2\/categories?post=12325"},{"taxonomy":"post_tag","embeddable":true,"href":"https:\/\/prensapresidencialvenezuela.gob.ve\/index.php\/wp-json\/wp\/v2\/tags?post=12325"}],"curies":[{"name":"wp","href":"https:\/\/api.w.org\/{rel}","templated":true}]}}