{"id":12363,"date":"2024-07-09T20:48:07","date_gmt":"2024-07-10T00:48:07","guid":{"rendered":"https:\/\/prensapresidencialvenezuela.gob.ve\/?p=12363"},"modified":"2024-07-09T20:59:34","modified_gmt":"2024-07-10T00:59:34","slug":"presidente-maduro-solicita-pena-para-los-autores-de-la-guerra-electrica","status":"publish","type":"post","link":"https:\/\/prensapresidencialvenezuela.gob.ve\/index.php\/2024\/07\/09\/presidente-maduro-solicita-pena-para-los-autores-de-la-guerra-electrica\/","title":{"rendered":"Presidente Maduro solicita m\u00e1xima pena para los autores de la guerra el\u00e9ctrica"},"content":{"rendered":"\n<p><strong>Parroquia Altagracia, estado Sucre.- <\/strong>Durante un acto con el pueblo sucrense, el presidente de la Rep\u00fablica Bolivariana de Venezuela, Nicol\u00e1s Maduro Moros, exhort\u00f3 a la Fiscal\u00eda General de la Rep\u00fablica (FGR) establecer pena de treinta a\u00f1os de c\u00e1rcel, por traici\u00f3n y terrorismo, a los autores de la guerra el\u00e9ctrica en el pa\u00eds.<\/p>\n\n\n\n<p>\u201c\u201c(\u2026) Guerra el\u00e9ctrica contra los transformadores, las tanquillas, la transmisi\u00f3n en todo el pa\u00eds. Ya tenemos a varios presos, varios est\u00e1n en el pote\u201d, especific\u00f3 como parte del ataque perpetrado contra la Naci\u00f3n.<\/p>\n\n\n\n<p>El jefe de Estado, en su alocuci\u00f3n, subray\u00f3 que la derecha es sin\u00f3nimo de odio, da\u00f1o y enga\u00f1o, al recordar a la poblaci\u00f3n las acciones que la derecha.<\/p>\n\n\n\n<p>\u201cPor odio pidieron las sanciones contra la econom\u00eda\u201d, as\u00ed tambi\u00e9n quitaron \u00abel 99% del ingreso al pa\u00eds\u201d, propiciando la \u201cescasez\u201d y promoviendo la \u201cguerra el\u00e9ctrica\u201d, puntualiz\u00f3.<\/p>\n\n\n\n<p>Asimismo, reiter\u00f3&nbsp; que \u201cellos son da\u00f1o y enga\u00f1o, pero nosotros somos indestructibles, invencibles (\u2026). Ellos son la violencia paramilitar y guarimbera, nosotros somos la estabilidad y la garant\u00eda de tranquilidad de Venezuela. Ellos son los vende Patria, traidores, nosotros somos los hijos de -Sim\u00f3n-Bol\u00edvar, -Antonio Jos\u00e9-de Sucre, -Ezequiel-Zamora, nosotros somos la Patria rebelde, independiente\u201d.<\/p>\n\n\n\n<p>Maduro tambi\u00e9n ratific\u00f3 su compromiso para acelerar todos los planes y acciones, en funci\u00f3n de recuperar completamente Cumanacoa.<a><\/a><\/p>\n\n\n\n<p><strong>Prensa Presidencial \/ Eduardo Hueck<\/strong><\/p>\n","protected":false},"excerpt":{"rendered":"<p>Parroquia Altagracia, estado Sucre.- Durante un acto con el pueblo sucrense, el presidente de la Rep\u00fablica Bolivariana de Venezuela, Nicol\u00e1s Maduro Moros, exhort\u00f3 a la Fiscal\u00eda General de la Rep\u00fablica (FGR) establecer pena de treinta a\u00f1os de c\u00e1rcel, por traici\u00f3n y terrorismo, a los autores de la guerra el\u00e9ctrica en el pa\u00eds. \u201c\u201c(\u2026) Guerra el\u00e9ctrica [&hellip;]<\/p>\n","protected":false},"author":1,"featured_media":12365,"comment_status":"open","ping_status":"open","sticky":false,"template":"","format":"standard","meta":{"footnotes":""},"categories":[18,7],"tags":[528,575,576],"class_list":["post-12363","post","type-post","status-publish","format-standard","has-post-thumbnail","hentry","category-noticias-principales","category-notas-de-prensa","tag-defensa","tag-fgr","tag-guerra"],"_links":{"self":[{"href":"https:\/\/prensapresidencialvenezuela.gob.ve\/index.php\/wp-json\/wp\/v2\/posts\/12363","targetHints":{"allow":["GET"]}}],"collection":[{"href":"https:\/\/prensapresidencialvenezuela.gob.ve\/index.php\/wp-json\/wp\/v2\/posts"}],"about":[{"href":"https:\/\/prensapresidencialvenezuela.gob.ve\/index.php\/wp-json\/wp\/v2\/types\/post"}],"author":[{"embeddable":true,"href":"https:\/\/prensapresidencialvenezuela.gob.ve\/index.php\/wp-json\/wp\/v2\/users\/1"}],"replies":[{"embeddable":true,"href":"https:\/\/prensapresidencialvenezuela.gob.ve\/index.php\/wp-json\/wp\/v2\/comments?post=12363"}],"version-history":[{"count":3,"href":"https:\/\/prensapresidencialvenezuela.gob.ve\/index.php\/wp-json\/wp\/v2\/posts\/12363\/revisions"}],"predecessor-version":[{"id":12368,"href":"https:\/\/prensapresidencialvenezuela.gob.ve\/index.php\/wp-json\/wp\/v2\/posts\/12363\/revisions\/12368"}],"wp:featuredmedia":[{"embeddable":true,"href":"https:\/\/prensapresidencialvenezuela.gob.ve\/index.php\/wp-json\/wp\/v2\/media\/12365"}],"wp:attachment":[{"href":"https:\/\/prensapresidencialvenezuela.gob.ve\/index.php\/wp-json\/wp\/v2\/media?parent=12363"}],"wp:term":[{"taxonomy":"category","embeddable":true,"href":"https:\/\/prensapresidencialvenezuela.gob.ve\/index.php\/wp-json\/wp\/v2\/categories?post=12363"},{"taxonomy":"post_tag","embeddable":true,"href":"https:\/\/prensapresidencialvenezuela.gob.ve\/index.php\/wp-json\/wp\/v2\/tags?post=12363"}],"curies":[{"name":"wp","href":"https:\/\/api.w.org\/{rel}","templated":true}]}}