{"id":12460,"date":"2024-07-14T19:44:01","date_gmt":"2024-07-14T23:44:01","guid":{"rendered":"https:\/\/prensapresidencialvenezuela.gob.ve\/?p=12460"},"modified":"2024-07-14T19:44:48","modified_gmt":"2024-07-14T23:44:48","slug":"presidente-maduro-de-la-oposicion-surgen-las-voces-de-alerta-sobre-un-posible-escenario-de-violencia","status":"publish","type":"post","link":"https:\/\/prensapresidencialvenezuela.gob.ve\/index.php\/2024\/07\/14\/presidente-maduro-de-la-oposicion-surgen-las-voces-de-alerta-sobre-un-posible-escenario-de-violencia\/","title":{"rendered":"Presidente Maduro: De la oposici\u00f3n surgen las voces de alerta sobre un posible escenario de violencia"},"content":{"rendered":"\n<p><strong>Poliedro de Caracas, Caracas.- <\/strong>El presidente de la Rep\u00fablica Bolivariana de Venezuela, Nicol\u00e1s Maduro, se\u00f1al\u00f3 que ha estado observando el cambio de postura en un grupo de dirigentes y l\u00edderes pol\u00edticos perteneciente a las filas opositoras, quienes han levantado sus voces para denunciar la posible preparaci\u00f3n de escenarios de violencia por parte de la derecha extrema en el pa\u00eds.<\/p>\n\n\n\n<p>\u201cDe la propia oposici\u00f3n surgen las voces de alerta de que se est\u00e1 preparando un escenario de guarimba y de violencia, de que se tienen las cartas escondidas bajo la manga y que ellos \u2013los pol\u00edticos independientes- no comparten eso y se atreven a denunciarlo\u201d, inform\u00f3.<\/p>\n\n\n\n<p>Durante una jornada de chequeo de maquinaria 1x10x7, desde el Poliedro de Caracas, el Dignatario reiter\u00f3 su llamado a la paz y alert\u00f3 acerca de algunos objetivos de la derecha extremista para torpedear la tranquilidad del pa\u00eds, al comentar que est\u00e1n detr\u00e1s de la guerra el\u00e9ctrica.<\/p>\n\n\n\n<p>\u201cLo tienen como objetivos enloquecedores, no se lo vamos a permitir, pero si ellos lo hicieran, ser\u00eda quiz\u00e1s el peor error que pudieran cometer. Son la extrema derecha: Abusivos, altaneros, egoc\u00e9ntricos, arrogantes\u201d, subray\u00f3.<\/p>\n\n\n\n<p>En este sentido, ratific\u00f3 el planteamiento de convocar a todos los venezolanos, que est\u00e1n en contra de la intolerancia, el odio, la venganza, las guarimbas y de las corrientes fascistas, a un gran frente nacional en defensa de la democracia, la paz, la estabilidad y la Constituci\u00f3n.<\/p>\n\n\n\n<p>\u201cUn gran frente antifascista donde quepan todas las personas que quieren la paz, m\u00e1s all\u00e1 de que tengamos diferencias naturales en la pol\u00edtica\u201d, precis\u00f3.<\/p>\n\n\n\n<p><strong>Prensa Presidencial \/ Eduardo Hueck<\/strong><\/p>\n","protected":false},"excerpt":{"rendered":"<p>Poliedro de Caracas, Caracas.- El presidente de la Rep\u00fablica Bolivariana de Venezuela, Nicol\u00e1s Maduro, se\u00f1al\u00f3 que ha estado observando el cambio de postura en un grupo de dirigentes y l\u00edderes pol\u00edticos perteneciente a las filas opositoras, quienes han levantado sus voces para denunciar la posible preparaci\u00f3n de escenarios de violencia por parte de la derecha [&hellip;]<\/p>\n","protected":false},"author":1,"featured_media":12461,"comment_status":"open","ping_status":"open","sticky":false,"template":"","format":"standard","meta":{"footnotes":""},"categories":[18,7],"tags":[548,610,614],"class_list":["post-12460","post","type-post","status-publish","format-standard","has-post-thumbnail","hentry","category-noticias-principales","category-notas-de-prensa","tag-apoyo","tag-dialogo","tag-oposicion"],"_links":{"self":[{"href":"https:\/\/prensapresidencialvenezuela.gob.ve\/index.php\/wp-json\/wp\/v2\/posts\/12460","targetHints":{"allow":["GET"]}}],"collection":[{"href":"https:\/\/prensapresidencialvenezuela.gob.ve\/index.php\/wp-json\/wp\/v2\/posts"}],"about":[{"href":"https:\/\/prensapresidencialvenezuela.gob.ve\/index.php\/wp-json\/wp\/v2\/types\/post"}],"author":[{"embeddable":true,"href":"https:\/\/prensapresidencialvenezuela.gob.ve\/index.php\/wp-json\/wp\/v2\/users\/1"}],"replies":[{"embeddable":true,"href":"https:\/\/prensapresidencialvenezuela.gob.ve\/index.php\/wp-json\/wp\/v2\/comments?post=12460"}],"version-history":[{"count":1,"href":"https:\/\/prensapresidencialvenezuela.gob.ve\/index.php\/wp-json\/wp\/v2\/posts\/12460\/revisions"}],"predecessor-version":[{"id":12462,"href":"https:\/\/prensapresidencialvenezuela.gob.ve\/index.php\/wp-json\/wp\/v2\/posts\/12460\/revisions\/12462"}],"wp:featuredmedia":[{"embeddable":true,"href":"https:\/\/prensapresidencialvenezuela.gob.ve\/index.php\/wp-json\/wp\/v2\/media\/12461"}],"wp:attachment":[{"href":"https:\/\/prensapresidencialvenezuela.gob.ve\/index.php\/wp-json\/wp\/v2\/media?parent=12460"}],"wp:term":[{"taxonomy":"category","embeddable":true,"href":"https:\/\/prensapresidencialvenezuela.gob.ve\/index.php\/wp-json\/wp\/v2\/categories?post=12460"},{"taxonomy":"post_tag","embeddable":true,"href":"https:\/\/prensapresidencialvenezuela.gob.ve\/index.php\/wp-json\/wp\/v2\/tags?post=12460"}],"curies":[{"name":"wp","href":"https:\/\/api.w.org\/{rel}","templated":true}]}}