{"id":12474,"date":"2024-07-15T19:18:51","date_gmt":"2024-07-15T23:18:51","guid":{"rendered":"https:\/\/prensapresidencialvenezuela.gob.ve\/?p=12474"},"modified":"2024-10-08T13:26:41","modified_gmt":"2024-10-08T17:26:41","slug":"extrema-derecha-busca-una-hecatombe-denuncio-el-presidente-maduro","status":"publish","type":"post","link":"https:\/\/prensapresidencialvenezuela.gob.ve\/index.php\/2024\/07\/15\/extrema-derecha-busca-una-hecatombe-denuncio-el-presidente-maduro\/","title":{"rendered":"Extrema derecha busca una hecatombe, denunci\u00f3 el presidente Maduro"},"content":{"rendered":"\n<p><strong>San F\u00e9lix, estado Bol\u00edvar.-<\/strong> El presidente de la Rep\u00fablica Bolivariana de Venezuela, Nicol\u00e1s Maduro, denunci\u00f3 que la que la extrema derecha est\u00e1 buscando una hecatombe y que cambie el curso de lo que va a ocurrir en Venezuela el 28 de julio.<\/p>\n\n\n\n<p>Maduro, record\u00f3 al pueblo de&nbsp; San F\u00e9lix sobre el intento de sabotaje en el primer puente sobre el r\u00edo Orinoco, se\u00f1alando que gracias a la intervenci\u00f3n de \u201cDios y los trabajadores\u201d, se descubri\u00f3 un plan para hacer colapsar la estructura del puente y generar una situaci\u00f3n catastr\u00f3fica.<\/p>\n\n\n\n<p>El Mandatario calific\u00f3 a los de extrema derecha como \u00abcara de tabla\u00bb, refiri\u00e9ndose a aquellos que solo aparecen durante las elecciones y se dedican al sabotaje pol\u00edtico y econ\u00f3mico, as\u00ed como a atacar los servicios p\u00fablicos.<\/p>\n\n\n\n<p>\u00abEllos est\u00e1n buscando un hecatombe, una tragedia, algo fuerte que cambie el curso de lo que va a ocurrir en Venezuela el veintiocho de julio\u00bb, advirti\u00f3 Maduro. Ante esta situaci\u00f3n, el presidente llam\u00f3 a mantenerse vigilantes y estar alerta, instando a la poblaci\u00f3n a estar atenta a cualquier indicio de sabotaje o intento de generar caos en el pa\u00eds.<\/p>\n\n\n\n<p>Enfatiz\u00f3 la importancia de la unidad y la protecci\u00f3n de la estabilidad para garantizar el desarrollo pac\u00edfico de las pr\u00f3ximas elecciones. Hizo un llamado a estar \u00abmoscas\u00bb y tener \u00abmil ojos, mil o\u00eddos\u00bb para detectar cualquier intento de desestabilizaci\u00f3n y asegurar que el proceso electoral se lleve a cabo.<\/p>\n\n\n\n<p>\u00abLe digo a los apellidos, a la extrema derecha, esta oposici\u00f3n maligna, le digo: Llueva, truene o relampaguee el 28 de julio vamos a tener la victoria electoral m\u00e1s grande de la historia de Venezuela\u00bb, acot\u00f3.<\/p>\n\n\n\n<p><strong>Prensa Presidencial \/ Eduardo Hueck<\/strong><\/p>\n","protected":false},"excerpt":{"rendered":"<p>San F\u00e9lix, estado Bol\u00edvar.- El presidente de la Rep\u00fablica Bolivariana de Venezuela, Nicol\u00e1s Maduro, denunci\u00f3 que la que la extrema derecha est\u00e1 buscando una hecatombe y que cambie el curso de lo que va a ocurrir en Venezuela el 28 de julio. Maduro, record\u00f3 al pueblo de&nbsp; San F\u00e9lix sobre el intento de sabotaje en [&hellip;]<\/p>\n","protected":false},"author":11,"featured_media":12475,"comment_status":"open","ping_status":"open","sticky":false,"template":"","format":"standard","meta":{"footnotes":""},"categories":[18,7],"tags":[528,473,543,620],"class_list":["post-12474","post","type-post","status-publish","format-standard","has-post-thumbnail","hentry","category-noticias-principales","category-notas-de-prensa","tag-defensa","tag-denuncia","tag-maduro-2","tag-pdte"],"_links":{"self":[{"href":"https:\/\/prensapresidencialvenezuela.gob.ve\/index.php\/wp-json\/wp\/v2\/posts\/12474","targetHints":{"allow":["GET"]}}],"collection":[{"href":"https:\/\/prensapresidencialvenezuela.gob.ve\/index.php\/wp-json\/wp\/v2\/posts"}],"about":[{"href":"https:\/\/prensapresidencialvenezuela.gob.ve\/index.php\/wp-json\/wp\/v2\/types\/post"}],"author":[{"embeddable":true,"href":"https:\/\/prensapresidencialvenezuela.gob.ve\/index.php\/wp-json\/wp\/v2\/users\/11"}],"replies":[{"embeddable":true,"href":"https:\/\/prensapresidencialvenezuela.gob.ve\/index.php\/wp-json\/wp\/v2\/comments?post=12474"}],"version-history":[{"count":2,"href":"https:\/\/prensapresidencialvenezuela.gob.ve\/index.php\/wp-json\/wp\/v2\/posts\/12474\/revisions"}],"predecessor-version":[{"id":13939,"href":"https:\/\/prensapresidencialvenezuela.gob.ve\/index.php\/wp-json\/wp\/v2\/posts\/12474\/revisions\/13939"}],"wp:featuredmedia":[{"embeddable":true,"href":"https:\/\/prensapresidencialvenezuela.gob.ve\/index.php\/wp-json\/wp\/v2\/media\/12475"}],"wp:attachment":[{"href":"https:\/\/prensapresidencialvenezuela.gob.ve\/index.php\/wp-json\/wp\/v2\/media?parent=12474"}],"wp:term":[{"taxonomy":"category","embeddable":true,"href":"https:\/\/prensapresidencialvenezuela.gob.ve\/index.php\/wp-json\/wp\/v2\/categories?post=12474"},{"taxonomy":"post_tag","embeddable":true,"href":"https:\/\/prensapresidencialvenezuela.gob.ve\/index.php\/wp-json\/wp\/v2\/tags?post=12474"}],"curies":[{"name":"wp","href":"https:\/\/api.w.org\/{rel}","templated":true}]}}