{"id":12480,"date":"2024-07-16T16:06:43","date_gmt":"2024-07-16T20:06:43","guid":{"rendered":"https:\/\/prensapresidencialvenezuela.gob.ve\/?p=12480"},"modified":"2024-07-16T16:11:06","modified_gmt":"2024-07-16T20:11:06","slug":"presidente-lidero-ascenso-condecoraciones-y-graduacion-de-de-la-policia-nacional-bolivariana","status":"publish","type":"post","link":"https:\/\/prensapresidencialvenezuela.gob.ve\/index.php\/2024\/07\/16\/presidente-lidero-ascenso-condecoraciones-y-graduacion-de-de-la-policia-nacional-bolivariana\/","title":{"rendered":"Presidente lider\u00f3 ascenso, condecoraciones y graduaci\u00f3n de la Polic\u00eda Nacional Bolivariana"},"content":{"rendered":"\n<p><strong>Poliedro de Caracas, Caracas.-<\/strong> En el contexto de la conmemoraci\u00f3n del D\u00eda Nacional del Polic\u00eda, este martes, el presidente de la Rep\u00fablica, Nicol\u00e1s Maduro Moros, lider\u00f3 el acto de ascensos, condecoraciones y graduaci\u00f3n de agentes profesionales.<\/p>\n\n\n\n<p>Desde el Paseo Monumental Los Pr\u00f3ceres, el Mandatario venezolano felicit\u00f3 a los funcionarios profesionales de la Polic\u00eda Nacional Bolivariana (PNB), polic\u00edas municipales, bomberos, Protecci\u00f3n Civil, el Cuerpo de Investigaciones Cient\u00edficas, Penales y Criminal\u00edsticas (CICPC), y les orient\u00f3 a crecer m\u00e1s en esta profesi\u00f3n.<\/p>\n\n\n\n<p>\u201cNo deben descansar, ni un minuto de toda su carrera policial, para forjarse, para formarse, para aprender, para profesionalizarse, para que Venezuela cada vez tenga m\u00e1s la mejor polic\u00eda del mundo entero, la mejor polic\u00eda de todos los tiempos.\u201d, enfatiz\u00f3 el Presidente.<\/p>\n\n\n\n<p>Asimismo, Maduro afirm\u00f3 a los funcionarios que el bast\u00f3n de mando que, como comandante en Jefe posee, \u201cest\u00e1 en buenas manos polic\u00edas de Venezuela y tengan la seguridad que seguir\u00e1 estando en manos seguras, ning\u00fan vende patrias vendr\u00e1 a tomar este bast\u00f3n de mando, ning\u00fan t\u00edtere de oligarca, este bast\u00f3n de mando le pertenece al pueblo rebelde de Venezuela\u201d.<\/p>\n\n\n\n<p>\u201cCon este bast\u00f3n de mando les digo que perseveremos en el camino de la doctrina de seguridad venezolana: humanista, de uni\u00f3n con el pueblo\u201d, instruy\u00f3, a\u00f1adiendo que se debe \u201cdesarrollar a\u00fan m\u00e1s el concepto de la Polic\u00eda Comunal, de las polic\u00edas comunitarias, debemos desarrollar m\u00e1s los planes preventivos, Venezuela tiene un modelo de seguridad ciudadana que es ejemplo del mundo\u201d.<\/p>\n\n\n\n<p>El Dignatario alent\u00f3 a los hombres y mujeres de la seguridad a continuar firmes, felicit\u00e1ndoles por la resistencia en los tiempos dif\u00edciles, indic\u00e1ndoles que est\u00e1n en el camino correcto de la historia.<\/p>\n\n\n\n<p>\u201cLos tiempos que vienen para el pueblo, para la polic\u00eda y para la seguridad y la paz de Venezuela, son tiempos bendecidos, son tiempos milagrosos, son tiempos grandes de seguridad, de paz en nombre de Dios padre todopoderoso\u201d, expres\u00f3.<\/p>\n\n\n\n<p><strong>Prensa Presidencial \/ Eduardo Hueck<\/strong><\/p>\n","protected":false},"excerpt":{"rendered":"<p>Poliedro de Caracas, Caracas.- En el contexto de la conmemoraci\u00f3n del D\u00eda Nacional del Polic\u00eda, este martes, el presidente de la Rep\u00fablica, Nicol\u00e1s Maduro Moros, lider\u00f3 el acto de ascensos, condecoraciones y graduaci\u00f3n de agentes profesionales. Desde el Paseo Monumental Los Pr\u00f3ceres, el Mandatario venezolano felicit\u00f3 a los funcionarios profesionales de la Polic\u00eda Nacional Bolivariana [&hellip;]<\/p>\n","protected":false},"author":1,"featured_media":12483,"comment_status":"open","ping_status":"open","sticky":false,"template":"","format":"standard","meta":{"footnotes":""},"categories":[18,7],"tags":[624,625,623],"class_list":["post-12480","post","type-post","status-publish","format-standard","has-post-thumbnail","hentry","category-noticias-principales","category-notas-de-prensa","tag-ascensos","tag-condecoraciones","tag-graduacion"],"_links":{"self":[{"href":"https:\/\/prensapresidencialvenezuela.gob.ve\/index.php\/wp-json\/wp\/v2\/posts\/12480","targetHints":{"allow":["GET"]}}],"collection":[{"href":"https:\/\/prensapresidencialvenezuela.gob.ve\/index.php\/wp-json\/wp\/v2\/posts"}],"about":[{"href":"https:\/\/prensapresidencialvenezuela.gob.ve\/index.php\/wp-json\/wp\/v2\/types\/post"}],"author":[{"embeddable":true,"href":"https:\/\/prensapresidencialvenezuela.gob.ve\/index.php\/wp-json\/wp\/v2\/users\/1"}],"replies":[{"embeddable":true,"href":"https:\/\/prensapresidencialvenezuela.gob.ve\/index.php\/wp-json\/wp\/v2\/comments?post=12480"}],"version-history":[{"count":2,"href":"https:\/\/prensapresidencialvenezuela.gob.ve\/index.php\/wp-json\/wp\/v2\/posts\/12480\/revisions"}],"predecessor-version":[{"id":12484,"href":"https:\/\/prensapresidencialvenezuela.gob.ve\/index.php\/wp-json\/wp\/v2\/posts\/12480\/revisions\/12484"}],"wp:featuredmedia":[{"embeddable":true,"href":"https:\/\/prensapresidencialvenezuela.gob.ve\/index.php\/wp-json\/wp\/v2\/media\/12483"}],"wp:attachment":[{"href":"https:\/\/prensapresidencialvenezuela.gob.ve\/index.php\/wp-json\/wp\/v2\/media?parent=12480"}],"wp:term":[{"taxonomy":"category","embeddable":true,"href":"https:\/\/prensapresidencialvenezuela.gob.ve\/index.php\/wp-json\/wp\/v2\/categories?post=12480"},{"taxonomy":"post_tag","embeddable":true,"href":"https:\/\/prensapresidencialvenezuela.gob.ve\/index.php\/wp-json\/wp\/v2\/tags?post=12480"}],"curies":[{"name":"wp","href":"https:\/\/api.w.org\/{rel}","templated":true}]}}