{"id":12485,"date":"2024-07-16T16:16:14","date_gmt":"2024-07-16T20:16:14","guid":{"rendered":"https:\/\/prensapresidencialvenezuela.gob.ve\/?p=12485"},"modified":"2024-07-16T16:16:15","modified_gmt":"2024-07-16T20:16:15","slug":"la-policia-nacional-bolivariana-tiene-que-ser-columna-vertebral-de-la-paz","status":"publish","type":"post","link":"https:\/\/prensapresidencialvenezuela.gob.ve\/index.php\/2024\/07\/16\/la-policia-nacional-bolivariana-tiene-que-ser-columna-vertebral-de-la-paz\/","title":{"rendered":"La Polic\u00eda Nacional Bolivariana tiene que ser columna vertebral de la paz"},"content":{"rendered":"\n<p><strong>Poliedro de Caracas, Caracas.-<\/strong> En el contexto de la conmemoraci\u00f3n del D\u00eda Nacional del Polic\u00eda, este martes, el presidente de la Rep\u00fablica, Nicol\u00e1s Maduro Moros, durante el acto de Graduaci\u00f3n, Ascenso y Condecoraciones de agentes profesionales de la seguridad, destac\u00f3 que \u201cla Polic\u00eda Nacional Bolivariana tiene que ser columna vertebral de la paz\u201d.<\/p>\n\n\n\n<p>Asimismo, el jefe de Estado venezolano agradeci\u00f3 el esfuerzo de los organismos por mantener la paz y protegerla Patria.<\/p>\n\n\n\n<p>\u201cYo tengo que agradecer mucho a la inteligencia de la Polic\u00eda Nacional Bolivariana que est\u00e1 en todos lados, porque por la inteligencia de ustedes, en estos a\u00f1os de tanta conspiraciones se salv\u00f3 la Patria\u201d, detall\u00f3.<\/p>\n\n\n\n<p>En este acto, ratific\u00f3 su denuncia contra aquellos que esperan una tragedia en la naci\u00f3n indicando que \u201che denunciado y tengo las pruebas de que la ultraderecha en su desesperaci\u00f3n (\u2026) ellos quieren buscar una tragedia, una hecatombe no se lo podemos permitir en Venezuela tiene que paz antes, durante y despu\u00e9s del 28 de julio.<\/p>\n\n\n\n<p>El Dignatario venezolano enfatiz\u00f3 que el camino a seguir es el de \u201cperseverar en el concepto y la doctrina en la formaci\u00f3n de los valores, tenemos que perseverar en los esquemas organizativos, tenemos que perseverar en la dotaci\u00f3n, cada vez m\u00e1s poderosa, y tenemos que perseverar en la mejor\u00eda de las condiciones de vida de la familia policial\u201d.<\/p>\n\n\n\n<p>En este sentido, instruy\u00f3 dedicar \u201cm\u00ednimo el 10 % de las viviendas a la familia policial, as\u00ed como mejorar sus ingresos, de forma integral\u201d, como parte de la optimizaci\u00f3n de la seguridad social de los funcionarios.<\/p>\n\n\n\n<p>Durante el acto de Graduaci\u00f3n, Ascenso y Condecoraciones del Cuerpo de Polic\u00eda Nacional Bolivariana, los j\u00f3venes graduandos juraron que seguir\u00e1n salvaguardando, protegiendo, sirviendo y derrotando las conspiraciones del imperio y las oligarqu\u00edas de los apellidos<\/p>\n\n\n\n<p><strong>Prensa Presidencial \/ Eduardo Hueck<\/strong><\/p>\n","protected":false},"excerpt":{"rendered":"<p>Poliedro de Caracas, Caracas.- En el contexto de la conmemoraci\u00f3n del D\u00eda Nacional del Polic\u00eda, este martes, el presidente de la Rep\u00fablica, Nicol\u00e1s Maduro Moros, durante el acto de Graduaci\u00f3n, Ascenso y Condecoraciones de agentes profesionales de la seguridad, destac\u00f3 que \u201cla Polic\u00eda Nacional Bolivariana tiene que ser columna vertebral de la paz\u201d. Asimismo, el [&hellip;]<\/p>\n","protected":false},"author":1,"featured_media":12487,"comment_status":"open","ping_status":"open","sticky":false,"template":"","format":"standard","meta":{"footnotes":""},"categories":[18,7],"tags":[557],"class_list":["post-12485","post","type-post","status-publish","format-standard","has-post-thumbnail","hentry","category-noticias-principales","category-notas-de-prensa","tag-paz"],"_links":{"self":[{"href":"https:\/\/prensapresidencialvenezuela.gob.ve\/index.php\/wp-json\/wp\/v2\/posts\/12485","targetHints":{"allow":["GET"]}}],"collection":[{"href":"https:\/\/prensapresidencialvenezuela.gob.ve\/index.php\/wp-json\/wp\/v2\/posts"}],"about":[{"href":"https:\/\/prensapresidencialvenezuela.gob.ve\/index.php\/wp-json\/wp\/v2\/types\/post"}],"author":[{"embeddable":true,"href":"https:\/\/prensapresidencialvenezuela.gob.ve\/index.php\/wp-json\/wp\/v2\/users\/1"}],"replies":[{"embeddable":true,"href":"https:\/\/prensapresidencialvenezuela.gob.ve\/index.php\/wp-json\/wp\/v2\/comments?post=12485"}],"version-history":[{"count":1,"href":"https:\/\/prensapresidencialvenezuela.gob.ve\/index.php\/wp-json\/wp\/v2\/posts\/12485\/revisions"}],"predecessor-version":[{"id":12488,"href":"https:\/\/prensapresidencialvenezuela.gob.ve\/index.php\/wp-json\/wp\/v2\/posts\/12485\/revisions\/12488"}],"wp:featuredmedia":[{"embeddable":true,"href":"https:\/\/prensapresidencialvenezuela.gob.ve\/index.php\/wp-json\/wp\/v2\/media\/12487"}],"wp:attachment":[{"href":"https:\/\/prensapresidencialvenezuela.gob.ve\/index.php\/wp-json\/wp\/v2\/media?parent=12485"}],"wp:term":[{"taxonomy":"category","embeddable":true,"href":"https:\/\/prensapresidencialvenezuela.gob.ve\/index.php\/wp-json\/wp\/v2\/categories?post=12485"},{"taxonomy":"post_tag","embeddable":true,"href":"https:\/\/prensapresidencialvenezuela.gob.ve\/index.php\/wp-json\/wp\/v2\/tags?post=12485"}],"curies":[{"name":"wp","href":"https:\/\/api.w.org\/{rel}","templated":true}]}}