{"id":12501,"date":"2024-07-17T16:59:50","date_gmt":"2024-07-17T20:59:50","guid":{"rendered":"https:\/\/prensapresidencialvenezuela.gob.ve\/?p=12501"},"modified":"2024-07-17T16:59:50","modified_gmt":"2024-07-17T20:59:50","slug":"ley-especial-antibloqueo-de-la-clase-obrera-plantea-el-presidente-maduro","status":"publish","type":"post","link":"https:\/\/prensapresidencialvenezuela.gob.ve\/index.php\/2024\/07\/17\/ley-especial-antibloqueo-de-la-clase-obrera-plantea-el-presidente-maduro\/","title":{"rendered":"Ley Especial Antibloqueo de la Clase Obrera plantea el presidente Maduro"},"content":{"rendered":"\n<p><strong>Estadio Monumental Sim\u00f3n Bol\u00edvar, Caracas.-<\/strong> El presidente de la Rep\u00fablica Bolivariana de Venezuela, Nicol\u00e1s Maduro, propuso crear Ley Especial Antibloqueo de la Clase Obrera para recuperar con mayor velocidad el ingreso integral de todos los trabajadores y trabajadoras.<\/p>\n\n\n\n<p>\u201cYo los convoco a ustedes clase trabajadora al debate y a la acci\u00f3n para instalar una mesa de trabajo, para debatir el plan especial con una Ley Antibloqueo de la clase obrera, una Ley Especial para recuperar el ingreso de la clase trabajadora, adem\u00e1s se debata el tema de la vivienda. Tengo el plan y tengo el proyecto, soy el \u00fanico que tiene un plan al servicio de la mayor\u00eda, tengo la capacidad para desarrollar una econom\u00eda aut\u00f3noma al servicio de la mayor\u00eda\u201d.<\/p>\n\n\n\n<p>Asimismo, el presidente anunci\u00f3 la puesta en marcha de Credin\u00f3mina, con la creaci\u00f3n del&nbsp;Banco Digital de los trabajadores y Trabajadoras a trav\u00e9s del Banco Bicentenario,&nbsp;el cual de ahora en adelante se convierte en un plan especial de financiamiento para lo que la familia necesite directamente.<\/p>\n\n\n\n<p>\u201cS\u00e9 que muchos trabajadores y trabajadoras para paliar la roncha econ\u00f3mica tuvieron que crear un emprendimiento, por eso en el marco de la creaci\u00f3n del Banco Digital de los Trabajadores, estamos creando una l\u00ednea de financiamiento flexible llamada Credin\u00f3mina para que el pueblo tenga acceso, a trav\u00e9s del Banco Digital de los Trabajadores, para su emprendimiento y que todos puedan tener un dinerito, &nbsp;un billullo, para cosas \u00fatiles, propuestas en el Plan de las 7T, vinculado a la puesta en funcionamiento y&nbsp; gracias a la tecnolog\u00eda,&nbsp; para que el Banco Bicentenario se convierta &nbsp;en el Banco Digital de los Trabajadores y las Trabajadoras \u201d.<\/p>\n\n\n\n<p>Record\u00f3 que la guerra econ\u00f3mica y las sanciones generaron p\u00e9rdida del 99 por ciento de los ingresos de nuestro pa\u00eds, \u201cpero nuestros planes ya est\u00e1n en pleno desarrollo porque nuestra econom\u00eda crece de manera sostenible,&nbsp;creando y profundizando de manera paulatina el nuevo sistema &nbsp;de salud familiar digital para los trabajadores que les permita acceder a trav\u00e9s de su n\u00f3mina y carnet&nbsp; a un servicio de salud sostenible y de calidad\u201d.<\/p>\n\n\n\n<p>Prensa Presidencial \/ Orlando Ru\u00edz<\/p>\n","protected":false},"excerpt":{"rendered":"<p>Estadio Monumental Sim\u00f3n Bol\u00edvar, Caracas.- El presidente de la Rep\u00fablica Bolivariana de Venezuela, Nicol\u00e1s Maduro, propuso crear Ley Especial Antibloqueo de la Clase Obrera para recuperar con mayor velocidad el ingreso integral de todos los trabajadores y trabajadoras. \u201cYo los convoco a ustedes clase trabajadora al debate y a la acci\u00f3n para instalar una mesa [&hellip;]<\/p>\n","protected":false},"author":1,"featured_media":12502,"comment_status":"open","ping_status":"open","sticky":false,"template":"","format":"standard","meta":{"footnotes":""},"categories":[18,7],"tags":[634,515,632],"class_list":["post-12501","post","type-post","status-publish","format-standard","has-post-thumbnail","hentry","category-noticias-principales","category-notas-de-prensa","tag-inclusion","tag-ley","tag-obreros"],"_links":{"self":[{"href":"https:\/\/prensapresidencialvenezuela.gob.ve\/index.php\/wp-json\/wp\/v2\/posts\/12501","targetHints":{"allow":["GET"]}}],"collection":[{"href":"https:\/\/prensapresidencialvenezuela.gob.ve\/index.php\/wp-json\/wp\/v2\/posts"}],"about":[{"href":"https:\/\/prensapresidencialvenezuela.gob.ve\/index.php\/wp-json\/wp\/v2\/types\/post"}],"author":[{"embeddable":true,"href":"https:\/\/prensapresidencialvenezuela.gob.ve\/index.php\/wp-json\/wp\/v2\/users\/1"}],"replies":[{"embeddable":true,"href":"https:\/\/prensapresidencialvenezuela.gob.ve\/index.php\/wp-json\/wp\/v2\/comments?post=12501"}],"version-history":[{"count":1,"href":"https:\/\/prensapresidencialvenezuela.gob.ve\/index.php\/wp-json\/wp\/v2\/posts\/12501\/revisions"}],"predecessor-version":[{"id":12503,"href":"https:\/\/prensapresidencialvenezuela.gob.ve\/index.php\/wp-json\/wp\/v2\/posts\/12501\/revisions\/12503"}],"wp:featuredmedia":[{"embeddable":true,"href":"https:\/\/prensapresidencialvenezuela.gob.ve\/index.php\/wp-json\/wp\/v2\/media\/12502"}],"wp:attachment":[{"href":"https:\/\/prensapresidencialvenezuela.gob.ve\/index.php\/wp-json\/wp\/v2\/media?parent=12501"}],"wp:term":[{"taxonomy":"category","embeddable":true,"href":"https:\/\/prensapresidencialvenezuela.gob.ve\/index.php\/wp-json\/wp\/v2\/categories?post=12501"},{"taxonomy":"post_tag","embeddable":true,"href":"https:\/\/prensapresidencialvenezuela.gob.ve\/index.php\/wp-json\/wp\/v2\/tags?post=12501"}],"curies":[{"name":"wp","href":"https:\/\/api.w.org\/{rel}","templated":true}]}}