{"id":12552,"date":"2024-07-19T20:41:14","date_gmt":"2024-07-20T00:41:14","guid":{"rendered":"https:\/\/prensapresidencialvenezuela.gob.ve\/?p=12552"},"modified":"2024-07-19T21:18:59","modified_gmt":"2024-07-20T01:18:59","slug":"presidente-denuncia-que-medios-internacionales-se-inmiscuyen-para-empanar-proceso-electoral","status":"publish","type":"post","link":"https:\/\/prensapresidencialvenezuela.gob.ve\/index.php\/2024\/07\/19\/presidente-denuncia-que-medios-internacionales-se-inmiscuyen-para-empanar-proceso-electoral\/","title":{"rendered":"Presidente denuncia que medios internacionales se inmiscuyen para empa\u00f1ar proceso electoral"},"content":{"rendered":"\n<p><strong>Coro, estado Falc\u00f3n.- <\/strong>El presidente de la Republica Bolivariana de Venezuela, Nicol\u00e1s Maduro Moros, se pronunci\u00f3 en relaci\u00f3n al pr\u00f3ximo proceso electoral del 28 de julio, destacando la importancia de la paz en el pa\u00eds, al denunciar que medios internacionales se inmiscuyen para empa\u00f1ar la contienda electoral.<\/p>\n\n\n\n<p>\u201cNadie podr\u00e1 manchar el proceso electoral de Venezuela y nadie podr\u00e1 embochinchar nuestro pa\u00eds, tendremos elecciones, llueva, truene, o relampaguee y tendremos paz y tranquilidad antes, durante y despu\u00e9s del 28 de julio. Yo lo garantizo. Nuestro pueblo lo garantiza\u201d, sentenci\u00f3.<\/p>\n\n\n\n<p>Maduro hizo un llamado a la poblaci\u00f3n venezolana, preguntando si desean la paz, mientras afirmaba que la extrema derecha busca la violencia y el regreso de la guarimba.<\/p>\n\n\n\n<p>\u201c(\u2026) dije en estos d\u00edas que yo, Nicol\u00e1s Maduro, he evitado una guerra civil en este pa\u00eds, varias veces. Porque ellos han buscado la violencia. \u00bfUstedes quieren que vuelva la guarimba y la violencia? Ellos s\u00ed y est\u00e1n preparando planes para gritar fraude. Ya est\u00e1n gritando fraude desde hoy\u201d, alert\u00f3 al pueblo.<\/p>\n\n\n\n<p>El jefe&nbsp; de Estado mencion\u00f3 la conspiraci\u00f3n que se trama junto a medios y agencias internacionales, para da\u00f1ar el proceso electoral venezolano.<\/p>\n\n\n\n<p>\u201cEst\u00e1n tratando de manchar el proceso electoral. CNN En espa\u00f1ol es la punta de lanza y la agencia EFE de Espa\u00f1a, de AFP de Francia, de AP de Estados Unidos, son los mismos de siempre. Porque ellos saben lo que va a ocurrir, ya lo saben y quieren manchar a Venezuela\u201d, subray\u00f3.<\/p>\n\n\n\n<p>Asimismo, hizo referencia a la trayectoria electoral del pa\u00eds, resaltando que en 28 de las \u00faltimas 30 elecciones han obtenido victorias populares, ratificando su confianza en el proceso y asegur\u00f3 que nadie podr\u00e1 empa\u00f1ar la legitimidad de las elecciones en Venezuela.<\/p>\n\n\n\n<p>\u201cNosotros otra vez tendremos un gran triunfo popular, un gran triunfo limpio, electoral\u201d, puntualiz\u00f3.<\/p>\n\n\n\n<p><strong>Prensa Presidencial \/ Eduardo Hueck<\/strong><\/p>\n","protected":false},"excerpt":{"rendered":"<p>Coro, estado Falc\u00f3n.- El presidente de la Republica Bolivariana de Venezuela, Nicol\u00e1s Maduro Moros, se pronunci\u00f3 en relaci\u00f3n al pr\u00f3ximo proceso electoral del 28 de julio, destacando la importancia de la paz en el pa\u00eds, al denunciar que medios internacionales se inmiscuyen para empa\u00f1ar la contienda electoral. \u201cNadie podr\u00e1 manchar el proceso electoral de Venezuela [&hellip;]<\/p>\n","protected":false},"author":1,"featured_media":12555,"comment_status":"open","ping_status":"open","sticky":false,"template":"","format":"standard","meta":{"footnotes":""},"categories":[18,7],"tags":[656,654,655],"class_list":["post-12552","post","type-post","status-publish","format-standard","has-post-thumbnail","hentry","category-noticias-principales","category-notas-de-prensa","tag-conspiracion","tag-elecciones","tag-medios"],"_links":{"self":[{"href":"https:\/\/prensapresidencialvenezuela.gob.ve\/index.php\/wp-json\/wp\/v2\/posts\/12552","targetHints":{"allow":["GET"]}}],"collection":[{"href":"https:\/\/prensapresidencialvenezuela.gob.ve\/index.php\/wp-json\/wp\/v2\/posts"}],"about":[{"href":"https:\/\/prensapresidencialvenezuela.gob.ve\/index.php\/wp-json\/wp\/v2\/types\/post"}],"author":[{"embeddable":true,"href":"https:\/\/prensapresidencialvenezuela.gob.ve\/index.php\/wp-json\/wp\/v2\/users\/1"}],"replies":[{"embeddable":true,"href":"https:\/\/prensapresidencialvenezuela.gob.ve\/index.php\/wp-json\/wp\/v2\/comments?post=12552"}],"version-history":[{"count":2,"href":"https:\/\/prensapresidencialvenezuela.gob.ve\/index.php\/wp-json\/wp\/v2\/posts\/12552\/revisions"}],"predecessor-version":[{"id":12556,"href":"https:\/\/prensapresidencialvenezuela.gob.ve\/index.php\/wp-json\/wp\/v2\/posts\/12552\/revisions\/12556"}],"wp:featuredmedia":[{"embeddable":true,"href":"https:\/\/prensapresidencialvenezuela.gob.ve\/index.php\/wp-json\/wp\/v2\/media\/12555"}],"wp:attachment":[{"href":"https:\/\/prensapresidencialvenezuela.gob.ve\/index.php\/wp-json\/wp\/v2\/media?parent=12552"}],"wp:term":[{"taxonomy":"category","embeddable":true,"href":"https:\/\/prensapresidencialvenezuela.gob.ve\/index.php\/wp-json\/wp\/v2\/categories?post=12552"},{"taxonomy":"post_tag","embeddable":true,"href":"https:\/\/prensapresidencialvenezuela.gob.ve\/index.php\/wp-json\/wp\/v2\/tags?post=12552"}],"curies":[{"name":"wp","href":"https:\/\/api.w.org\/{rel}","templated":true}]}}