{"id":12583,"date":"2024-07-22T18:14:42","date_gmt":"2024-07-22T22:14:42","guid":{"rendered":"https:\/\/prensapresidencialvenezuela.gob.ve\/?p=12583"},"modified":"2024-07-22T18:14:43","modified_gmt":"2024-07-22T22:14:43","slug":"presidente-envia-maquinarias-a-capacho-para-rehabilitar-via-afectada-por-las-lluvias","status":"publish","type":"post","link":"https:\/\/prensapresidencialvenezuela.gob.ve\/index.php\/2024\/07\/22\/presidente-envia-maquinarias-a-capacho-para-rehabilitar-via-afectada-por-las-lluvias\/","title":{"rendered":"Presidente env\u00eda maquinarias a Capacho para rehabilitar v\u00eda afectada por las lluvias"},"content":{"rendered":"\n<p><strong>San Crist\u00f3bal, estado T\u00e1chira.-<\/strong> En su visita al estado T\u00e1chira, el presidente de la Rep\u00fablica Bolivariana de Venezuela, Nicol\u00e1s Maduro, anunci\u00f3 el env\u00edo de maquinarias para realizar trabajos de rehabilitaci\u00f3n en la ciudad de Capacho, la cual registr\u00f3 afectaciones como consecuencia de las lluvias que produjeron da\u00f1o en la v\u00eda.<\/p>\n\n\n\n<p>\u201cHoy la lluvia se llev\u00f3 parte de la entrada de Capacho, ya llegaron las maquinarias y le estoy mandando m\u00e1s maquinaria para all\u00e1 para&nbsp; Capacho\u201d, inform\u00f3.<\/p>\n\n\n\n<p>Asimismo, el jefe de Estado resalt\u00f3 la entrega de la Iglesia San Juan Bautista, conocida como La Ermita, totalmente recuperada y mejorada para la comunidad cat\u00f3lica de San Crist\u00f3bal, catalog\u00e1ndola como&nbsp; \u00abuna joya religiosa y arquitect\u00f3nica de la ciudad, La Ermita qued\u00f3 mejor que nueva para mis paisanos y paisanas cat\u00f3licos en Cristo\u00bb, afirm\u00f3.<\/p>\n\n\n\n<p>El Mandatario, adem\u00e1s, inform\u00f3 que fue rehabilitada la conocida Redoma de la ULA. \u201cEstuve supervisando la estabilizaci\u00f3n de las fallas geol\u00f3gicas de la estructura vial de la avenida Sim\u00f3n Bol\u00edvar, mejor conocida como Redoma de la ULA, que estaba totalmente destruida, ya esta operativa y hay que mantenerla operativa por siempre\u201d, indic\u00f3.<\/p>\n\n\n\n<p>Adem\u00e1s, el presidente Maduro anunci\u00f3 la instalaci\u00f3n de maquinaria en el municipio Bol\u00edvar para el desarrollo del Complejo Minero Sim\u00f3n Bol\u00edvar, destinado \u201cpara la producci\u00f3n de carb\u00f3n no s\u00f3lo para el T\u00e1chira y Venezuela, sino pronto, ya con las m\u00e1quinas de primer nivel de tecnolog\u00eda que se instalaron, los t\u00faneles, el T\u00e1chira ser\u00e1 exportador de carb\u00f3n a Europa y a distintos lugares del mundo\u201d, subray\u00f3.<\/p>\n\n\n\n<p><strong>Prensa Presidencial \/ Eduardo Hueck<\/strong><\/p>\n","protected":false},"excerpt":{"rendered":"<p>San Crist\u00f3bal, estado T\u00e1chira.- En su visita al estado T\u00e1chira, el presidente de la Rep\u00fablica Bolivariana de Venezuela, Nicol\u00e1s Maduro, anunci\u00f3 el env\u00edo de maquinarias para realizar trabajos de rehabilitaci\u00f3n en la ciudad de Capacho, la cual registr\u00f3 afectaciones como consecuencia de las lluvias que produjeron da\u00f1o en la v\u00eda. \u201cHoy la lluvia se llev\u00f3 [&hellip;]<\/p>\n","protected":false},"author":1,"featured_media":12584,"comment_status":"open","ping_status":"open","sticky":false,"template":"","format":"standard","meta":{"footnotes":""},"categories":[18,7],"tags":[667,520,484,577],"class_list":["post-12583","post","type-post","status-publish","format-standard","has-post-thumbnail","hentry","category-noticias-principales","category-notas-de-prensa","tag-capacho","tag-lluvias","tag-obras","tag-tachira"],"_links":{"self":[{"href":"https:\/\/prensapresidencialvenezuela.gob.ve\/index.php\/wp-json\/wp\/v2\/posts\/12583","targetHints":{"allow":["GET"]}}],"collection":[{"href":"https:\/\/prensapresidencialvenezuela.gob.ve\/index.php\/wp-json\/wp\/v2\/posts"}],"about":[{"href":"https:\/\/prensapresidencialvenezuela.gob.ve\/index.php\/wp-json\/wp\/v2\/types\/post"}],"author":[{"embeddable":true,"href":"https:\/\/prensapresidencialvenezuela.gob.ve\/index.php\/wp-json\/wp\/v2\/users\/1"}],"replies":[{"embeddable":true,"href":"https:\/\/prensapresidencialvenezuela.gob.ve\/index.php\/wp-json\/wp\/v2\/comments?post=12583"}],"version-history":[{"count":1,"href":"https:\/\/prensapresidencialvenezuela.gob.ve\/index.php\/wp-json\/wp\/v2\/posts\/12583\/revisions"}],"predecessor-version":[{"id":12585,"href":"https:\/\/prensapresidencialvenezuela.gob.ve\/index.php\/wp-json\/wp\/v2\/posts\/12583\/revisions\/12585"}],"wp:featuredmedia":[{"embeddable":true,"href":"https:\/\/prensapresidencialvenezuela.gob.ve\/index.php\/wp-json\/wp\/v2\/media\/12584"}],"wp:attachment":[{"href":"https:\/\/prensapresidencialvenezuela.gob.ve\/index.php\/wp-json\/wp\/v2\/media?parent=12583"}],"wp:term":[{"taxonomy":"category","embeddable":true,"href":"https:\/\/prensapresidencialvenezuela.gob.ve\/index.php\/wp-json\/wp\/v2\/categories?post=12583"},{"taxonomy":"post_tag","embeddable":true,"href":"https:\/\/prensapresidencialvenezuela.gob.ve\/index.php\/wp-json\/wp\/v2\/tags?post=12583"}],"curies":[{"name":"wp","href":"https:\/\/api.w.org\/{rel}","templated":true}]}}