{"id":12589,"date":"2024-07-23T17:19:15","date_gmt":"2024-07-23T21:19:15","guid":{"rendered":"https:\/\/prensapresidencialvenezuela.gob.ve\/?p=12589"},"modified":"2024-07-23T17:19:16","modified_gmt":"2024-07-23T21:19:16","slug":"presidente-pidio-consolidar-en-la-calle-los-circulos-de-abuelos-y-abuelas","status":"publish","type":"post","link":"https:\/\/prensapresidencialvenezuela.gob.ve\/index.php\/2024\/07\/23\/presidente-pidio-consolidar-en-la-calle-los-circulos-de-abuelos-y-abuelas\/","title":{"rendered":"Presidente pidi\u00f3 consolidar en la calle los c\u00edrculos de abuelos y abuelas"},"content":{"rendered":"\n<p><strong>La Carlota, estado Mirada.-<\/strong> El presidente de la Rep\u00fablica Bolivariana de Venezuela, Nicol\u00e1s Maduro, pidi\u00f3 consolidar en la calle los c\u00edrculos de abuelos y abuelas.<\/p>\n\n\n\n<p>En la Jornada de Trabajo con los Abuelos y Abuelas de la Patria, en el marco del Plan \u00abM\u00e1s A\u00f1os, M\u00e1s Amor\u201d, se\u00f1al\u00f3 que los adultos mayores deben mantenerse activos en estas instancias organizadas. \u201cLa organizaci\u00f3n del poderoso movimiento de abuelos y abuelas, son los c\u00edrculos activos en la calle\u201d.<\/p>\n\n\n\n<p>Desde el Centro de Convenciones ubicado en La Carlota, estado Miranda, indic\u00f3: &nbsp;\u201cUn punto a favor, los abuelos y abuelas en la calle, no se me vayan a burocratizar, jornadas por aqu\u00ed, jornadas por all\u00e1, debemos mantener activados los cuatro v\u00e9rtices, llevando salud, cultura, deporte, embellecimiento, protecci\u00f3n social, llevar las jornadas a todos lados\u201d.<\/p>\n\n\n\n<p>Todo ello \u2013 explic\u00f3 &#8211; para que les lleguen sus medicinas, llevamos 40 mil c\u00edrculos pero debemos llegar a 100 mil&nbsp; c\u00edrculos de abuelos y abuelas, es muy importante,&nbsp; porque tambi\u00e9n deben mensualizar a partir de agosto el combo complementario para los abuelos y abuelas, son 228 mil combos ya con carbohidratos naturales, verduras y otros alimentos fundamentales necesarios, y las jornadas de salud permanente.&nbsp; Tambi\u00e9n llegaron al pa\u00eds los insumos para la ofensiva de la Misi\u00f3n Sonrisa, la Misi\u00f3n Milagro y del Plan Oyendo M\u00e1s y seguir avanzando y d\u00e1ndoles beneficios a nuestros abuelos y a nuestras abuelas.<\/p>\n\n\n\n<p>Por otra parte, el presidente Maduro dijo que debe desplegarse con fuerza la Misi\u00f3n Milagro ya que \u201cese beneficio lo trajimos venciendo el bloqueo, igual debemos activar la Misi\u00f3n Sonrisa.\u201d.<\/p>\n\n\n\n<p>Destac\u00f3 que de estos beneficios surgi\u00f3 una necesidad para los Abuelos y Abuelas que es la preparaci\u00f3n de un (Comit\u00e9s Locales de Abastecimiento y Producci\u00f3n) Clap m\u00e9dico personalizado,&nbsp; para que \u201cnuestros compatriotas que tengan un problema de hipertensi\u00f3n,&nbsp; diabetes, artritis y otras enfermedades puedan ser atendidos de inmediato\u201d.<\/p>\n\n\n\n<p>\u201cDebemos atender a nuestros abuelos y nuestras abuelas,&nbsp; nuestra gente,&nbsp; nuestros compatriotas, que arranque ya el combo M\u00e9dico personalizado, para los abuelos y abuelas directo, concluy\u00f3 el jefe de Estado venezolano.<\/p>\n\n\n\n<p><strong>Prensa Presidencial\/Orlando Ruiz<\/strong><\/p>\n","protected":false},"excerpt":{"rendered":"<p>La Carlota, estado Mirada.- El presidente de la Rep\u00fablica Bolivariana de Venezuela, Nicol\u00e1s Maduro, pidi\u00f3 consolidar en la calle los c\u00edrculos de abuelos y abuelas. En la Jornada de Trabajo con los Abuelos y Abuelas de la Patria, en el marco del Plan \u00abM\u00e1s A\u00f1os, M\u00e1s Amor\u201d, se\u00f1al\u00f3 que los adultos mayores deben mantenerse activos [&hellip;]<\/p>\n","protected":false},"author":1,"featured_media":12590,"comment_status":"open","ping_status":"open","sticky":false,"template":"","format":"standard","meta":{"footnotes":""},"categories":[18,7],"tags":[514,513,546,670,523],"class_list":["post-12589","post","type-post","status-publish","format-standard","has-post-thumbnail","hentry","category-noticias-principales","category-notas-de-prensa","tag-abuelas","tag-abuelos","tag-calle","tag-circulos","tag-mision"],"_links":{"self":[{"href":"https:\/\/prensapresidencialvenezuela.gob.ve\/index.php\/wp-json\/wp\/v2\/posts\/12589","targetHints":{"allow":["GET"]}}],"collection":[{"href":"https:\/\/prensapresidencialvenezuela.gob.ve\/index.php\/wp-json\/wp\/v2\/posts"}],"about":[{"href":"https:\/\/prensapresidencialvenezuela.gob.ve\/index.php\/wp-json\/wp\/v2\/types\/post"}],"author":[{"embeddable":true,"href":"https:\/\/prensapresidencialvenezuela.gob.ve\/index.php\/wp-json\/wp\/v2\/users\/1"}],"replies":[{"embeddable":true,"href":"https:\/\/prensapresidencialvenezuela.gob.ve\/index.php\/wp-json\/wp\/v2\/comments?post=12589"}],"version-history":[{"count":1,"href":"https:\/\/prensapresidencialvenezuela.gob.ve\/index.php\/wp-json\/wp\/v2\/posts\/12589\/revisions"}],"predecessor-version":[{"id":12591,"href":"https:\/\/prensapresidencialvenezuela.gob.ve\/index.php\/wp-json\/wp\/v2\/posts\/12589\/revisions\/12591"}],"wp:featuredmedia":[{"embeddable":true,"href":"https:\/\/prensapresidencialvenezuela.gob.ve\/index.php\/wp-json\/wp\/v2\/media\/12590"}],"wp:attachment":[{"href":"https:\/\/prensapresidencialvenezuela.gob.ve\/index.php\/wp-json\/wp\/v2\/media?parent=12589"}],"wp:term":[{"taxonomy":"category","embeddable":true,"href":"https:\/\/prensapresidencialvenezuela.gob.ve\/index.php\/wp-json\/wp\/v2\/categories?post=12589"},{"taxonomy":"post_tag","embeddable":true,"href":"https:\/\/prensapresidencialvenezuela.gob.ve\/index.php\/wp-json\/wp\/v2\/tags?post=12589"}],"curies":[{"name":"wp","href":"https:\/\/api.w.org\/{rel}","templated":true}]}}