{"id":126,"date":"2022-03-22T20:49:15","date_gmt":"2022-03-22T20:49:15","guid":{"rendered":"http:\/\/10.0.0.92\/?p=126"},"modified":"2022-05-11T16:58:32","modified_gmt":"2022-05-11T16:58:32","slug":"luis-sardinas-repite-con-los-mariachis-en-la-liga-mexicana","status":"publish","type":"post","link":"https:\/\/prensapresidencialvenezuela.gob.ve\/index.php\/2022\/03\/22\/luis-sardinas-repite-con-los-mariachis-en-la-liga-mexicana\/","title":{"rendered":"Luis Sardi\u00f1as repite con los Mariachis en la Liga mexicana"},"content":{"rendered":"<p>El infielder venezolano, Luis Sardi\u00f1as volver\u00e1 a vestir la camiseta de los Mariachis de Guadalajara en la temporada 2022, rese\u00f1aron medios deportivos.<\/p>\n<p>Sardi\u00f1as, de 28 a\u00f1os de edad, figur\u00f3 entre los mejores bateadores de la Liga mexicana durante la campa\u00f1a de 2021, al redondear average de .332 (de 220-73) con nueve jonrones y 40 carreras remolcadas en 51 encuentros.<\/p>\n<p>Entre 2015 y 2018, Sardi\u00f1as acumul\u00f3 experiencia en MLB con Rangers, Cerveceros, Marineros, Padres y Orioles. Con su incorporaci\u00f3n se eleva a 33 el n\u00famero de venezolanos que iniciar\u00e1n la campa\u00f1a en el circuito azteca.<\/p>\n<p>Fuente: L\u00edder<\/p>\n<p>\/CP<\/p>\n","protected":false},"excerpt":{"rendered":"<p>El infielder venezolano, Luis Sardi\u00f1as volver\u00e1 a vestir la camiseta de los Mariachis de Guadalajara en la temporada 2022, rese\u00f1aron medios deportivos. Sardi\u00f1as, de 28 a\u00f1os de edad, figur\u00f3 entre los mejores bateadores de la Liga mexicana durante la campa\u00f1a de 2021, al redondear average de .332 (de 220-73) con nueve jonrones y 40 carreras [&hellip;]<\/p>\n","protected":false},"author":1,"featured_media":0,"comment_status":"closed","ping_status":"open","sticky":false,"template":"","format":"standard","meta":{"footnotes":""},"categories":[7],"tags":[],"class_list":["post-126","post","type-post","status-publish","format-standard","hentry","category-notas-de-prensa"],"_links":{"self":[{"href":"https:\/\/prensapresidencialvenezuela.gob.ve\/index.php\/wp-json\/wp\/v2\/posts\/126","targetHints":{"allow":["GET"]}}],"collection":[{"href":"https:\/\/prensapresidencialvenezuela.gob.ve\/index.php\/wp-json\/wp\/v2\/posts"}],"about":[{"href":"https:\/\/prensapresidencialvenezuela.gob.ve\/index.php\/wp-json\/wp\/v2\/types\/post"}],"author":[{"embeddable":true,"href":"https:\/\/prensapresidencialvenezuela.gob.ve\/index.php\/wp-json\/wp\/v2\/users\/1"}],"replies":[{"embeddable":true,"href":"https:\/\/prensapresidencialvenezuela.gob.ve\/index.php\/wp-json\/wp\/v2\/comments?post=126"}],"version-history":[{"count":1,"href":"https:\/\/prensapresidencialvenezuela.gob.ve\/index.php\/wp-json\/wp\/v2\/posts\/126\/revisions"}],"predecessor-version":[{"id":128,"href":"https:\/\/prensapresidencialvenezuela.gob.ve\/index.php\/wp-json\/wp\/v2\/posts\/126\/revisions\/128"}],"wp:attachment":[{"href":"https:\/\/prensapresidencialvenezuela.gob.ve\/index.php\/wp-json\/wp\/v2\/media?parent=126"}],"wp:term":[{"taxonomy":"category","embeddable":true,"href":"https:\/\/prensapresidencialvenezuela.gob.ve\/index.php\/wp-json\/wp\/v2\/categories?post=126"},{"taxonomy":"post_tag","embeddable":true,"href":"https:\/\/prensapresidencialvenezuela.gob.ve\/index.php\/wp-json\/wp\/v2\/tags?post=126"}],"curies":[{"name":"wp","href":"https:\/\/api.w.org\/{rel}","templated":true}]}}