{"id":12619,"date":"2024-07-24T19:55:56","date_gmt":"2024-07-24T23:55:56","guid":{"rendered":"https:\/\/prensapresidencialvenezuela.gob.ve\/?p=12619"},"modified":"2024-07-24T20:16:10","modified_gmt":"2024-07-25T00:16:10","slug":"presidente-exalto-el-espiritu-y-valentia-de-la-armada-bolivariana","status":"publish","type":"post","link":"https:\/\/prensapresidencialvenezuela.gob.ve\/index.php\/2024\/07\/24\/presidente-exalto-el-espiritu-y-valentia-de-la-armada-bolivariana\/","title":{"rendered":"Presidente exalt\u00f3 el esp\u00edritu y valent\u00eda de la Armada Bolivariana \u00a0"},"content":{"rendered":"\n<p><strong>Palacio de Miraflores, Caracas.- <\/strong>&nbsp;El presidente Rep\u00fablica y comandante en Jefe de la Fuerza Armada Nacional Bolivariana de Venezuela, Nicol\u00e1s Maduro Moros, al cumplirse 201 a\u00f1os de la gesta patri\u00f3tica de la Batalla Naval del Lago de Maracaibo, exalt\u00f3 esp\u00edritu y valent\u00eda de la Armada Bolivariana que es fuerza libertadora del siglo XXI.<\/p>\n\n\n\n<p>\u201cCon la batalla naval del largo, se decidi\u00f3 tambi\u00e9n la independencia de Suram\u00e9rica (&#8230;). Nosotros somos sus herederos, nosotros encarnamos, en el siglo XXI, la fuerza libertadora de Sudam\u00e9rica, de la Patria grande. Por eso, mis felicitaciones a la Armada Bolivariana\u201d, subray\u00f3 en un mensaje dirigido al acto con motivo a la Conmemoraci\u00f3n de los 201 A\u00f1os de la Batalla Naval del Lago.<\/p>\n\n\n\n<p>El Jefe de Estado orient\u00f3 a cada soldado y soldada de la Patria a \u201celevar la moral, el apresto operacional, la disciplina, el compromiso, el juramento de lealtad absoluta al pueblo, al ideal de Sim\u00f3n Bol\u00edvar, al ideal de Antonio Jos\u00e9 Sucre, de Francisco de Miranda, de Rafael Urdaneta, al ideal de nuestro comandante Hugo Rafael Ch\u00e1vez Fr\u00edas\u201d.<\/p>\n\n\n\n<p>Maduro acentu\u00f3 que en su peregrinaci\u00f3n por Venezuela ha visto \u201cen los ojos de los militares venezolanos el brillo de la Patria, el brillo de la victoria, un compromiso en\u00e9rgico en lo que veo, y me siento orgulloso, yo, Nicol\u00e1s Maduro Moro, de ser el comandante en jefe de esta Fuerza Armada Nacional Bolivariana, patriota, independentista, bolivariana, zamorista, y m\u00e1s que nunca chavista\u201d, agradeci\u00f3.<\/p>\n\n\n\n<p>El mandatario destac\u00f3 que a pesar de las adversidades que ha enfrentado la naci\u00f3n, la uni\u00f3n c\u00edvico-militar-policial ha contribuido a mantener la paz y la estabilidad en Venezuela.<\/p>\n\n\n\n<p>\u201cHay paz en Venezuela porque hay uni\u00f3n c\u00edvico-militar-policial por nuestra Fuerza Armada Nacional Bolivariana, y seguir\u00e1 habiendo paz, estabilidad, tranquilidad. Tiempos hermosos vienen para Venezuela, y los vamos a construir juntos\u00bb, indic\u00f3 Maduro.<\/p>\n\n\n\n<p>En este d\u00eda significativo, tambi\u00e9n en el 241\u00ba aniversario del nacimiento del Libertador, Sim\u00f3n Bol\u00edvar, resalt\u00f3 la vigencia del juramento bolivariano y la determinaci\u00f3n de seguir luchando contra los imperios y los apellidos.<\/p>\n\n\n\n<p>\u00abNo daremos descanso a nuestros brazos, ni reposo a nuestras almas, hasta vencer a los imperios, a los poderosos y a los apellidos, est\u00e9n donde est\u00e9n. Ese juramento tiene vigencia, y debe ser desarrollado con m\u00e1xima lealtad\u00bb, declar\u00f3 el presidente.<\/p>\n\n\n\n<p>En medio de sus palabras, Maduro enfatiz\u00f3 el papel crucial de la Armada Bolivariana y la Fuerza Armada Nacional Bolivariana en la defensa de la Naci\u00f3n.<\/p>\n\n\n\n<p><strong>Prensa Presidencial \/ Eduardo Hueck<\/strong><\/p>\n","protected":false},"excerpt":{"rendered":"<p>Palacio de Miraflores, Caracas.- &nbsp;El presidente Rep\u00fablica y comandante en Jefe de la Fuerza Armada Nacional Bolivariana de Venezuela, Nicol\u00e1s Maduro Moros, al cumplirse 201 a\u00f1os de la gesta patri\u00f3tica de la Batalla Naval del Lago de Maracaibo, exalt\u00f3 esp\u00edritu y valent\u00eda de la Armada Bolivariana que es fuerza libertadora del siglo XXI. \u201cCon la [&hellip;]<\/p>\n","protected":false},"author":1,"featured_media":12620,"comment_status":"open","ping_status":"open","sticky":false,"template":"","format":"standard","meta":{"footnotes":""},"categories":[18,7],"tags":[688,687],"class_list":["post-12619","post","type-post","status-publish","format-standard","has-post-thumbnail","hentry","category-noticias-principales","category-notas-de-prensa","tag-armada","tag-conmemoracion"],"_links":{"self":[{"href":"https:\/\/prensapresidencialvenezuela.gob.ve\/index.php\/wp-json\/wp\/v2\/posts\/12619","targetHints":{"allow":["GET"]}}],"collection":[{"href":"https:\/\/prensapresidencialvenezuela.gob.ve\/index.php\/wp-json\/wp\/v2\/posts"}],"about":[{"href":"https:\/\/prensapresidencialvenezuela.gob.ve\/index.php\/wp-json\/wp\/v2\/types\/post"}],"author":[{"embeddable":true,"href":"https:\/\/prensapresidencialvenezuela.gob.ve\/index.php\/wp-json\/wp\/v2\/users\/1"}],"replies":[{"embeddable":true,"href":"https:\/\/prensapresidencialvenezuela.gob.ve\/index.php\/wp-json\/wp\/v2\/comments?post=12619"}],"version-history":[{"count":3,"href":"https:\/\/prensapresidencialvenezuela.gob.ve\/index.php\/wp-json\/wp\/v2\/posts\/12619\/revisions"}],"predecessor-version":[{"id":12623,"href":"https:\/\/prensapresidencialvenezuela.gob.ve\/index.php\/wp-json\/wp\/v2\/posts\/12619\/revisions\/12623"}],"wp:featuredmedia":[{"embeddable":true,"href":"https:\/\/prensapresidencialvenezuela.gob.ve\/index.php\/wp-json\/wp\/v2\/media\/12620"}],"wp:attachment":[{"href":"https:\/\/prensapresidencialvenezuela.gob.ve\/index.php\/wp-json\/wp\/v2\/media?parent=12619"}],"wp:term":[{"taxonomy":"category","embeddable":true,"href":"https:\/\/prensapresidencialvenezuela.gob.ve\/index.php\/wp-json\/wp\/v2\/categories?post=12619"},{"taxonomy":"post_tag","embeddable":true,"href":"https:\/\/prensapresidencialvenezuela.gob.ve\/index.php\/wp-json\/wp\/v2\/tags?post=12619"}],"curies":[{"name":"wp","href":"https:\/\/api.w.org\/{rel}","templated":true}]}}