{"id":1266,"date":"2022-02-18T15:12:00","date_gmt":"2022-02-18T15:12:00","guid":{"rendered":"http:\/\/172.27.0.121\/?p=1266"},"modified":"2022-06-07T15:13:33","modified_gmt":"2022-06-07T15:13:33","slug":"aprobados-mas-de-14-millones-de-bolivares-para-financiar-proyectos-en-la-guaira","status":"publish","type":"post","link":"https:\/\/prensapresidencialvenezuela.gob.ve\/index.php\/2022\/02\/18\/aprobados-mas-de-14-millones-de-bolivares-para-financiar-proyectos-en-la-guaira\/","title":{"rendered":"Aprobados m\u00e1s de 14 millones de bol\u00edvares para financiar proyectos en La Guaira"},"content":{"rendered":"\n<p><strong>Macuto, estado La Guaira.-<\/strong> 14 millones 380 mil bol\u00edvares ser\u00e1n destinados al financiamiento de 155 proyectos vinculados a los servicios p\u00fablicos en el estado La Guaira, anunci\u00f3 el presidente de la Rep\u00fablica, Nicol\u00e1s Maduro.<\/p>\n\n\n\n<p>Al respecto, el gobernador de La Guaira, Jos\u00e9 Alejandro Ter\u00e1n, detall\u00f3 que las iniciativas apuntan a mejorar la calidad de los servicios p\u00fablicos, fundamentalmente la distribuci\u00f3n de agua potable y gas.<\/p>\n\n\n\n<p>\u201cVa a incrementar el acceso al agua, reducir a menos de 21 d\u00edas el ciclo de distribuci\u00f3n del gas, atender las aver\u00edas el\u00e9ctricas, vialidad y de construcci\u00f3n del dique toma Camur\u00ed Grande\u201d, puntualiz\u00f3 desde el Estadio G\/J Jorge Luis Garc\u00eda Carneiro, ubicado en Macuto.<\/p>\n\n\n\n<p>Ter\u00e1n explic\u00f3 que los recursos fortalecer\u00e1n el Fondo de Financiamiento de los Gobiernos Comunitarios, que estar\u00e1 administrado por las comunas y consejos comunales.<\/p>\n\n\n\n<p>Los 155 proyectos se desprenden de planteamientos elevados por los 607 Gobiernos Comunitarios de La Guaira, experiencia democr\u00e1tica que traz\u00f3 un mapa de necesidades a escala municipal, parroquial y comunitaria.<\/p>\n\n\n\n<p>En este sentido, Ter\u00e1n adelant\u00f3 que los nudos cr\u00edticos detectados ser\u00e1n presentados en el Congreso de los Servicios P\u00fablicos, mecanismo que se realizar\u00e1 el pr\u00f3ximo 23 de febrero con la participaci\u00f3n del vicepresidente de Obras P\u00fablicas y Servicios, N\u00e9stor Reverol.<\/p>\n\n\n\n<p>\u201cEste es el m\u00e9todo: el pueblo salvando al pueblo y resolviendo\u201d, recalc\u00f3 el jefe de Estado, quien reiter\u00f3 la necesidad de romper con la burocracia y encaminarse a un nuevo m\u00e9todo \u201cpara rehacer, renovar y apuntalar al pa\u00eds\u201d.<\/p>\n\n\n\n<p><strong>Prensa Presidencial\/Karelis Gonz\u00e1lez<\/strong><\/p>\n","protected":false},"excerpt":{"rendered":"<p>Macuto, estado La Guaira.- 14 millones 380 mil bol\u00edvares ser\u00e1n destinados al financiamiento de 155 proyectos vinculados a los servicios p\u00fablicos en el estado La Guaira, anunci\u00f3 el presidente de la Rep\u00fablica, Nicol\u00e1s Maduro. Al respecto, el gobernador de La Guaira, Jos\u00e9 Alejandro Ter\u00e1n, detall\u00f3 que las iniciativas apuntan a mejorar la calidad de los [&hellip;]<\/p>\n","protected":false},"author":6,"featured_media":1267,"comment_status":"open","ping_status":"open","sticky":false,"template":"","format":"standard","meta":{"footnotes":""},"categories":[7],"tags":[],"class_list":["post-1266","post","type-post","status-publish","format-standard","has-post-thumbnail","hentry","category-notas-de-prensa"],"_links":{"self":[{"href":"https:\/\/prensapresidencialvenezuela.gob.ve\/index.php\/wp-json\/wp\/v2\/posts\/1266","targetHints":{"allow":["GET"]}}],"collection":[{"href":"https:\/\/prensapresidencialvenezuela.gob.ve\/index.php\/wp-json\/wp\/v2\/posts"}],"about":[{"href":"https:\/\/prensapresidencialvenezuela.gob.ve\/index.php\/wp-json\/wp\/v2\/types\/post"}],"author":[{"embeddable":true,"href":"https:\/\/prensapresidencialvenezuela.gob.ve\/index.php\/wp-json\/wp\/v2\/users\/6"}],"replies":[{"embeddable":true,"href":"https:\/\/prensapresidencialvenezuela.gob.ve\/index.php\/wp-json\/wp\/v2\/comments?post=1266"}],"version-history":[{"count":1,"href":"https:\/\/prensapresidencialvenezuela.gob.ve\/index.php\/wp-json\/wp\/v2\/posts\/1266\/revisions"}],"predecessor-version":[{"id":1268,"href":"https:\/\/prensapresidencialvenezuela.gob.ve\/index.php\/wp-json\/wp\/v2\/posts\/1266\/revisions\/1268"}],"wp:featuredmedia":[{"embeddable":true,"href":"https:\/\/prensapresidencialvenezuela.gob.ve\/index.php\/wp-json\/wp\/v2\/media\/1267"}],"wp:attachment":[{"href":"https:\/\/prensapresidencialvenezuela.gob.ve\/index.php\/wp-json\/wp\/v2\/media?parent=1266"}],"wp:term":[{"taxonomy":"category","embeddable":true,"href":"https:\/\/prensapresidencialvenezuela.gob.ve\/index.php\/wp-json\/wp\/v2\/categories?post=1266"},{"taxonomy":"post_tag","embeddable":true,"href":"https:\/\/prensapresidencialvenezuela.gob.ve\/index.php\/wp-json\/wp\/v2\/tags?post=1266"}],"curies":[{"name":"wp","href":"https:\/\/api.w.org\/{rel}","templated":true}]}}