{"id":12664,"date":"2024-07-26T21:11:43","date_gmt":"2024-07-27T01:11:43","guid":{"rendered":"https:\/\/prensapresidencialvenezuela.gob.ve\/?p=12664"},"modified":"2024-07-26T21:11:43","modified_gmt":"2024-07-27T01:11:43","slug":"presidente-maduro-entrega-totalmente-recuperado-cdi-cruz-villegas-en-coche","status":"publish","type":"post","link":"https:\/\/prensapresidencialvenezuela.gob.ve\/index.php\/2024\/07\/26\/presidente-maduro-entrega-totalmente-recuperado-cdi-cruz-villegas-en-coche\/","title":{"rendered":"Presidente Maduro entrega totalmente recuperado CDI \u201cCruz Villegas\u201d en Coche"},"content":{"rendered":"\n<p><strong>Ciudad Caribia, estado La Guaira. &#8211; <\/strong>El presidente de la Rep\u00fablica Bolivariana de Venezuela, Nicol\u00e1s Maduro, entreg\u00f3 este jueves completamente recuperadoel Centro de Diagn\u00f3stico Integral (CDI) \u201cCruz Villegas\u201d en la parroquia Coche.<\/p>\n\n\n\n<p>Desde Ciudad Caribia el jefe de Estado design\u00f3 al jefe de Gobierno de Distrito Capital, Nahum Fern\u00e1ndez para la reinauguraci\u00f3n de esta importante obra de salud, quien reconoci\u00f3 el apoyo y esfuerzo de las Brigadas Comunitarias y Militares (Bricomiles) y los Consejos Comunales, gracias al 1&#215;10 del buen gobierno.<\/p>\n\n\n\n<p>Resalt\u00f3 el jefe de Gobierno que este CDI fue v\u00edctima de las guarimbas y los ataques a las institucionesp\u00fablicas en 2017, ya que fue quemado parcialmente y posteriormente desvalijado, producto de las acciones violentas. Sin embargo, en \u00e9poca de la pandemia fue recuperadoy habilitada la mitad de la infraestructura para atender al pueblo.<\/p>\n\n\n\n<p>Por su parte el ministro del Poder Popular para la Cultura, Ernesto Villegas, agradeci\u00f3 tambi\u00e9n a las Bricomiles y a la comunidad de la parroquia Coche que asumi\u00f3 al CDI como un proyecto comunitario \u201caqu\u00ed se hace vida social, cultural y deportiva\u201d resaltando que m\u00e1s que un homenaje y reconocimiento -\u00ada su padre Cruz Villegas- es un premio a la constancia del pueblo heroico en defender las conquistas alcanzadas durante este tiempo.<\/p>\n\n\n\n<p>La viceministra de Redes Ambulatorias del Ministerio del Poder Popular para la Salud (MPPS), YoicymarRivasm, agradeci\u00f3 al jefe de Estado la repotenciaci\u00f3n de toda la red ambulatoria, como una de las m\u00e1s beneficiadas, y donde este CDI fue dotado con todos los equipos necesariosy tecnolog\u00eda de \u00faltima generaci\u00f3n, para atender am\u00e1s de 4 mil 200 pacientesmensualmente.<\/p>\n\n\n\n<p>Importante resaltar que en este centro de salud se aplican todos los planes que tiene el MPPS, ruta materna, atenci\u00f3n m\u00e9dica para pacientes con patolog\u00edas cr\u00f3nicas, un quir\u00f3fano para intervenciones quir\u00fargicas de baja complejidad, m\u00e1s los distintos servicios que brinda este tipo de centros de salud a las comunidades vinculadas, donde se atender\u00e1n<a><\/a> a 48 mil personas que conforman 12 mil 300 familias de esta popular parroquia.<\/p>\n\n\n\n<p><strong>Prensa Presidencial \/ Atahualpa Calder\u00f3n<\/strong><\/p>\n","protected":false},"excerpt":{"rendered":"<p>Ciudad Caribia, estado La Guaira. &#8211; El presidente de la Rep\u00fablica Bolivariana de Venezuela, Nicol\u00e1s Maduro, entreg\u00f3 este jueves completamente recuperadoel Centro de Diagn\u00f3stico Integral (CDI) \u201cCruz Villegas\u201d en la parroquia Coche. Desde Ciudad Caribia el jefe de Estado design\u00f3 al jefe de Gobierno de Distrito Capital, Nahum Fern\u00e1ndez para la reinauguraci\u00f3n de esta importante [&hellip;]<\/p>\n","protected":false},"author":9,"featured_media":12665,"comment_status":"open","ping_status":"open","sticky":false,"template":"","format":"standard","meta":{"footnotes":""},"categories":[18,7],"tags":[495,567],"class_list":["post-12664","post","type-post","status-publish","format-standard","has-post-thumbnail","hentry","category-noticias-principales","category-notas-de-prensa","tag-cdi","tag-coche"],"_links":{"self":[{"href":"https:\/\/prensapresidencialvenezuela.gob.ve\/index.php\/wp-json\/wp\/v2\/posts\/12664","targetHints":{"allow":["GET"]}}],"collection":[{"href":"https:\/\/prensapresidencialvenezuela.gob.ve\/index.php\/wp-json\/wp\/v2\/posts"}],"about":[{"href":"https:\/\/prensapresidencialvenezuela.gob.ve\/index.php\/wp-json\/wp\/v2\/types\/post"}],"author":[{"embeddable":true,"href":"https:\/\/prensapresidencialvenezuela.gob.ve\/index.php\/wp-json\/wp\/v2\/users\/9"}],"replies":[{"embeddable":true,"href":"https:\/\/prensapresidencialvenezuela.gob.ve\/index.php\/wp-json\/wp\/v2\/comments?post=12664"}],"version-history":[{"count":1,"href":"https:\/\/prensapresidencialvenezuela.gob.ve\/index.php\/wp-json\/wp\/v2\/posts\/12664\/revisions"}],"predecessor-version":[{"id":12666,"href":"https:\/\/prensapresidencialvenezuela.gob.ve\/index.php\/wp-json\/wp\/v2\/posts\/12664\/revisions\/12666"}],"wp:featuredmedia":[{"embeddable":true,"href":"https:\/\/prensapresidencialvenezuela.gob.ve\/index.php\/wp-json\/wp\/v2\/media\/12665"}],"wp:attachment":[{"href":"https:\/\/prensapresidencialvenezuela.gob.ve\/index.php\/wp-json\/wp\/v2\/media?parent=12664"}],"wp:term":[{"taxonomy":"category","embeddable":true,"href":"https:\/\/prensapresidencialvenezuela.gob.ve\/index.php\/wp-json\/wp\/v2\/categories?post=12664"},{"taxonomy":"post_tag","embeddable":true,"href":"https:\/\/prensapresidencialvenezuela.gob.ve\/index.php\/wp-json\/wp\/v2\/tags?post=12664"}],"curies":[{"name":"wp","href":"https:\/\/api.w.org\/{rel}","templated":true}]}}