{"id":1269,"date":"2022-02-18T15:13:00","date_gmt":"2022-02-18T15:13:00","guid":{"rendered":"http:\/\/172.27.0.121\/?p=1269"},"modified":"2022-06-07T15:14:59","modified_gmt":"2022-06-07T15:14:59","slug":"presidente-ordena-iniciar-reestructuracion-gubernamental","status":"publish","type":"post","link":"https:\/\/prensapresidencialvenezuela.gob.ve\/index.php\/2022\/02\/18\/presidente-ordena-iniciar-reestructuracion-gubernamental\/","title":{"rendered":"Presidente ordena iniciar reestructuraci\u00f3n gubernamental"},"content":{"rendered":"\n<p><strong>Macuto, estado La Guaira.<\/strong>\u2013 En aras de iniciar el proceso de \u201creestructuraci\u00f3n org\u00e1nica de los gobiernos regionales y municipales\u201d, el presidente de la Rep\u00fablica, Nicol\u00e1s Maduro, instruy\u00f3 la configuraci\u00f3n de un nuevo modelo de gesti\u00f3n gubernamental \u201cal servicio de las prioridades y las soluciones de la gente\u201d.<\/p>\n\n\n\n<p>\u201cVamos a darle un revolc\u00f3n interno al organigrama y la estructura de funcionamiento de Gobernaciones y Alcald\u00edas, vamos a hacer el sistema del Poder Popular como un sistema fuerza\u201d, enfatiz\u00f3 durante la juramentaci\u00f3n de los Gobiernos Comunitarios del estado La Guaira.<\/p>\n\n\n\n<p>La responsabilidad de sistematizar planteamientos para \u201crevolucionar el Estado venezolano, el Gobierno Nacional, Regional y Municipal\u201d estar\u00e1 a cargo de los gobernadores de Miranda, H\u00e9ctor Rodr\u00edguez, y de La Guaira, Jos\u00e9 Alejandro Ter\u00e1n, as\u00ed como de la alcaldesa del municipio Libertador, Carmen Mel\u00e9ndez. En este sentido, el Dignatario puntualiz\u00f3 que la iniciativa \u201cpara darle todo el poder al Poder Popular\u201d deber\u00e1 presentarse en un plazo de siete d\u00edas.<\/p>\n\n\n\n<p>\u201cVamos a arrancar en la Regi\u00f3n Capital\u201d, anunci\u00f3 el Jefe de Estado, quien precis\u00f3 que el nuevo modelo de gobierno ser\u00e1 expuesto en el V Congreso del Partido Socialista Unido de Venezuela (PSUV) y en el Congreso de la Nueva \u00c9poca \u201cpara tener una visi\u00f3n clara, acciones claras\u201d.<\/p>\n\n\n\n<p>Previamente, el Dignatario orient\u00f3 a gobernadores y alcaldes adaptar la experiencia de los Gobiernos Comunitarios a cada regi\u00f3n en funci\u00f3n de que se \u201cconstituya un Poder Popular poderoso en el sentido de priorizar correctamente los problemas y generar soluciones\u201d.<\/p>\n\n\n\n<p>\u201cTenemos que construir un modelo. Yo les pido a ustedes que son las cabezas de Miranda, Caracas y La Guaira que se pongan para que la tarea se cumpla, unan sus esfuerzos, compartan sus experiencias y marchen juntos para que la Regi\u00f3n capital sea una regi\u00f3n de felicidad, del vivir viviendo\u201d, subray\u00f3.<\/p>\n\n\n\n<p><strong>Prensa Presidencial\/Karelis Gonz\u00e1lez<\/strong><\/p>\n","protected":false},"excerpt":{"rendered":"<p>Macuto, estado La Guaira.\u2013 En aras de iniciar el proceso de \u201creestructuraci\u00f3n org\u00e1nica de los gobiernos regionales y municipales\u201d, el presidente de la Rep\u00fablica, Nicol\u00e1s Maduro, instruy\u00f3 la configuraci\u00f3n de un nuevo modelo de gesti\u00f3n gubernamental \u201cal servicio de las prioridades y las soluciones de la gente\u201d. \u201cVamos a darle un revolc\u00f3n interno al organigrama [&hellip;]<\/p>\n","protected":false},"author":6,"featured_media":1270,"comment_status":"open","ping_status":"open","sticky":false,"template":"","format":"standard","meta":{"footnotes":""},"categories":[7],"tags":[],"class_list":["post-1269","post","type-post","status-publish","format-standard","has-post-thumbnail","hentry","category-notas-de-prensa"],"_links":{"self":[{"href":"https:\/\/prensapresidencialvenezuela.gob.ve\/index.php\/wp-json\/wp\/v2\/posts\/1269","targetHints":{"allow":["GET"]}}],"collection":[{"href":"https:\/\/prensapresidencialvenezuela.gob.ve\/index.php\/wp-json\/wp\/v2\/posts"}],"about":[{"href":"https:\/\/prensapresidencialvenezuela.gob.ve\/index.php\/wp-json\/wp\/v2\/types\/post"}],"author":[{"embeddable":true,"href":"https:\/\/prensapresidencialvenezuela.gob.ve\/index.php\/wp-json\/wp\/v2\/users\/6"}],"replies":[{"embeddable":true,"href":"https:\/\/prensapresidencialvenezuela.gob.ve\/index.php\/wp-json\/wp\/v2\/comments?post=1269"}],"version-history":[{"count":1,"href":"https:\/\/prensapresidencialvenezuela.gob.ve\/index.php\/wp-json\/wp\/v2\/posts\/1269\/revisions"}],"predecessor-version":[{"id":1271,"href":"https:\/\/prensapresidencialvenezuela.gob.ve\/index.php\/wp-json\/wp\/v2\/posts\/1269\/revisions\/1271"}],"wp:featuredmedia":[{"embeddable":true,"href":"https:\/\/prensapresidencialvenezuela.gob.ve\/index.php\/wp-json\/wp\/v2\/media\/1270"}],"wp:attachment":[{"href":"https:\/\/prensapresidencialvenezuela.gob.ve\/index.php\/wp-json\/wp\/v2\/media?parent=1269"}],"wp:term":[{"taxonomy":"category","embeddable":true,"href":"https:\/\/prensapresidencialvenezuela.gob.ve\/index.php\/wp-json\/wp\/v2\/categories?post=1269"},{"taxonomy":"post_tag","embeddable":true,"href":"https:\/\/prensapresidencialvenezuela.gob.ve\/index.php\/wp-json\/wp\/v2\/tags?post=1269"}],"curies":[{"name":"wp","href":"https:\/\/api.w.org\/{rel}","templated":true}]}}