{"id":12701,"date":"2024-07-28T09:46:15","date_gmt":"2024-07-28T13:46:15","guid":{"rendered":"https:\/\/prensapresidencialvenezuela.gob.ve\/?p=12701"},"modified":"2024-07-28T10:33:42","modified_gmt":"2024-07-28T14:33:42","slug":"respetare-y-hare-respetar-los-resultados-dijo-nicolas-maduro","status":"publish","type":"post","link":"https:\/\/prensapresidencialvenezuela.gob.ve\/index.php\/2024\/07\/28\/respetare-y-hare-respetar-los-resultados-dijo-nicolas-maduro\/","title":{"rendered":"Respetar\u00e9 y har\u00e9 acatar los resultados, dijo Nicol\u00e1s Maduro"},"content":{"rendered":"\n<p>Fuerte Tiuna, Caracas.-El presidente de la Rep\u00fablica Bolivariana de Venezuela, Nicol\u00e1s Maduro, en rueda de prensa con medios nacionales e internacionales, se\u00f1al\u00f3 que nadie va a detener este proceso hermoso de votaci\u00f3n, porque en \u00abVenezuela habr\u00e1 paz\u00a0 y respeto a la Constituci\u00f3n y las leyes\u00bb,\u00a0 aclarando que \u00e9l ser\u00e1 el primero en reconocer los resultados que emita el Consejo Nacional Electoral (CNE). <\/p>\n\n\n\n<p>\u201cEl respeto al proceso electoral, es el respeto a la Constituci\u00f3n de la\u00a0Rep\u00fablica Bolivariana de Venezuela.\u00a0 Nuestro pa\u00eds tiene una Constituci\u00f3n y estamos obligados a\u00a0respetarla y a respetar al \u00e1rbitro electoral.\u00a0 <\/p>\n\n\n\n<p>Nadie\u00a0va a llevar a Venezuela al caos, hay un \u00e1rbitro electoral y una Constituci\u00f3n, yo soy\u00a0Nicol\u00e1s Maduro,\u00a0 Presidente Pueblo,\u00a0reconozco al \u00e1rbitro electoral y sus boletines oficiales\u00a0y har\u00e9 que se respeten sus resultados,\u00a0palabra santa\u201d<\/p>\n\n\n\n<p>Adem\u00e1s, hizo un llamado a los diez candidatos electorales y a los 38 partidos pol\u00edticos que hacen vida en Venezuela\u00a0para que igualmente respeten al \u00e1rbitro. <\/p>\n\n\n\n<p>Les dijo que respeten\u00a0 y que declaren p\u00fablicamente \u00a0que acatan el bolet\u00edn oficial del CNE,\u00a0organismo encargado de realizar las elecciones.\u00a0Venezuela tiene un \u00e1rbitro electoral y un sistema electoral perfecto y seguro y no queremos que nadie se meta con nuestro sistema electoral, que nadie se meta aqui en nuestras elecciones porque nosotros no nos metemos en procesos electorales en ning\u00fan pa\u00eds del mundo\u201d.<\/p>\n\n\n\n<p>.Al ser consultado en torno a si es reelegido,\u00a0\u00a0Nicol\u00e1s Maduro afirm\u00f3 que el unir\u00e1 mas a\u00fan al\u00a0pa\u00eds\u00a0y profundizar\u00e1\u00a0el\u00a0di\u00e1logo\u00a0econ\u00f3mico,\u00a0social, cultural y pol\u00edtico, hacia una sociedad profunda una sociedad que va\u00a0m\u00e1s\u00a0all\u00e1 de los partidos pol\u00edticos, para construir\u00a0los nuevos consensos y\u00a0que Venezuela tenga un s\u00f3lido\u00a0porvenir\u00a0y un proyecto a futuro en los a\u00f1os\u00a0\u00a0que est\u00e1n por venir.<\/p>\n\n\n\n<p>Tambi\u00e9n consider\u00f3 que Venezuela tiene que vacunarse contra los\u00a0antivalores occidentales que promueven el individualismo e indic\u00f3 que uno de esos antivalores se produce a trav\u00e9s de las redes sociales. \u00abLa comunicaci\u00f3n y el di\u00e1logo tienen que ser\u00a0permanentes\u00bb. <\/p>\n\n\n\n<p>En este sentido. refiri\u00f3 que ha invitado al di\u00e1logo m\u00e1s de mil veces\u00a0y \u00abma\u00f1ana voy a firmar un decreto sobre el di\u00e1logo que es nuestra prioridad.\u00a0Di\u00e1logo econ\u00f3mico, di\u00e1logo social, di\u00e1logo cultural\u00a0 y di\u00e1logo para nuestra identidad nacional,\u00a0con la comunidad internacional\u00bb,\u00a0dijo\u00a0el Presidente, al responder la pregunta\u00a0sobre este escenario en el contexto de la comunidad internacional.\u00a0\u00a0<\/p>\n\n\n\n<p>Prensa Presidencial\/ Orlando Ru\u00edz, <\/p>\n\n\n\n<p><\/p>\n","protected":false},"excerpt":{"rendered":"<p>Fuerte Tiuna, Caracas.-El presidente de la Rep\u00fablica Bolivariana de Venezuela, Nicol\u00e1s Maduro, en rueda de prensa con medios nacionales e internacionales, se\u00f1al\u00f3 que nadie va a detener este proceso hermoso de votaci\u00f3n, porque en \u00abVenezuela habr\u00e1 paz\u00a0 y respeto a la Constituci\u00f3n y las leyes\u00bb,\u00a0 aclarando que \u00e9l ser\u00e1 el primero en reconocer los resultados [&hellip;]<\/p>\n","protected":false},"author":1,"featured_media":12703,"comment_status":"open","ping_status":"open","sticky":false,"template":"","format":"standard","meta":{"footnotes":""},"categories":[18,7],"tags":[654,714],"class_list":["post-12701","post","type-post","status-publish","format-standard","has-post-thumbnail","hentry","category-noticias-principales","category-notas-de-prensa","tag-elecciones","tag-resultados"],"_links":{"self":[{"href":"https:\/\/prensapresidencialvenezuela.gob.ve\/index.php\/wp-json\/wp\/v2\/posts\/12701","targetHints":{"allow":["GET"]}}],"collection":[{"href":"https:\/\/prensapresidencialvenezuela.gob.ve\/index.php\/wp-json\/wp\/v2\/posts"}],"about":[{"href":"https:\/\/prensapresidencialvenezuela.gob.ve\/index.php\/wp-json\/wp\/v2\/types\/post"}],"author":[{"embeddable":true,"href":"https:\/\/prensapresidencialvenezuela.gob.ve\/index.php\/wp-json\/wp\/v2\/users\/1"}],"replies":[{"embeddable":true,"href":"https:\/\/prensapresidencialvenezuela.gob.ve\/index.php\/wp-json\/wp\/v2\/comments?post=12701"}],"version-history":[{"count":4,"href":"https:\/\/prensapresidencialvenezuela.gob.ve\/index.php\/wp-json\/wp\/v2\/posts\/12701\/revisions"}],"predecessor-version":[{"id":12715,"href":"https:\/\/prensapresidencialvenezuela.gob.ve\/index.php\/wp-json\/wp\/v2\/posts\/12701\/revisions\/12715"}],"wp:featuredmedia":[{"embeddable":true,"href":"https:\/\/prensapresidencialvenezuela.gob.ve\/index.php\/wp-json\/wp\/v2\/media\/12703"}],"wp:attachment":[{"href":"https:\/\/prensapresidencialvenezuela.gob.ve\/index.php\/wp-json\/wp\/v2\/media?parent=12701"}],"wp:term":[{"taxonomy":"category","embeddable":true,"href":"https:\/\/prensapresidencialvenezuela.gob.ve\/index.php\/wp-json\/wp\/v2\/categories?post=12701"},{"taxonomy":"post_tag","embeddable":true,"href":"https:\/\/prensapresidencialvenezuela.gob.ve\/index.php\/wp-json\/wp\/v2\/tags?post=12701"}],"curies":[{"name":"wp","href":"https:\/\/api.w.org\/{rel}","templated":true}]}}