{"id":1272,"date":"2022-02-22T15:15:00","date_gmt":"2022-02-22T15:15:00","guid":{"rendered":"http:\/\/172.27.0.121\/?p=1272"},"modified":"2022-06-07T15:17:47","modified_gmt":"2022-06-07T15:17:47","slug":"accidente-aereo-se-registro-en-el-estado-lara","status":"publish","type":"post","link":"https:\/\/prensapresidencialvenezuela.gob.ve\/index.php\/2022\/02\/22\/accidente-aereo-se-registro-en-el-estado-lara\/","title":{"rendered":"Accidente a\u00e9reo se registr\u00f3 en el estado Lara"},"content":{"rendered":"\n<p><strong>Palacio de Miraflores, Caracas.-<\/strong> \u201cHemos tenido un accidente a\u00e9reo en el estado Lara con dos fallecidos y dos pilotos que est\u00e1n luchando por su vida. Con el favor de Dios y el esfuerzo de los m\u00e9dicos salvar\u00e1n su vida\u00bb, inform\u00f3 el presidente de la Rep\u00fablica y comandante en jefe de la Fuerza Armada Nacional Bolivariana (FANB), Nicol\u00e1s Maduro, desde el sal\u00f3n \u201cSol del Per\u00fa\u201d del Palacio de Gobierno,.<\/p>\n\n\n\n<p>\u00abQuiero transmitir al Ej\u00e9rcito Bolivariano a toda la familia militar venezolana a todos sus familiares, mis sentimientos de solidaridad, de condolencia como comandante en Jefe de la Fuerza Armada Nacional Bolivariana, doloroso, lamentable\u201d, expres\u00f3.<\/p>\n\n\n\n<p>El Jefe de Estado detall\u00f3 que los efectivos que se encontraban en el&nbsp; helic\u00f3ptero M-17 ven\u00edan de cumplir misiones en el estado Apure y salieron del estado Yaracuy con direcci\u00f3n a Maracaibo, estado Zulia, para otra misi\u00f3n.<\/p>\n\n\n\n<p>En esa l\u00ednea el Dignatario agradeci\u00f3 los esfuerzos de los campesinos quienes al percatarse del siniestro a\u00e9reo&nbsp; se acercaron a prestar socorro.<\/p>\n\n\n\n<p>\u201cQuiero agradecerle a los campesinos de todo esa zona del estado Lara por la actitud valiente y de solidaridad y amor hacia nuestra Fuerza Armada Nacional Bolivariana. Pudieron salvar dos vida, gracias a ese esp\u00edritu noble y valiente del pueblo de Venezuela; el pueblo humilde es el m\u00e1s valiente, m\u00e1s solidario\u201d, valor\u00f3 el presidente Maduro.<\/p>\n\n\n\n<p><strong>Prensa Presidencial\/Eduardo Hueck<\/strong><\/p>\n","protected":false},"excerpt":{"rendered":"<p>Palacio de Miraflores, Caracas.- \u201cHemos tenido un accidente a\u00e9reo en el estado Lara con dos fallecidos y dos pilotos que est\u00e1n luchando por su vida. Con el favor de Dios y el esfuerzo de los m\u00e9dicos salvar\u00e1n su vida\u00bb, inform\u00f3 el presidente de la Rep\u00fablica y comandante en jefe de la Fuerza Armada Nacional Bolivariana [&hellip;]<\/p>\n","protected":false},"author":6,"featured_media":1273,"comment_status":"open","ping_status":"open","sticky":false,"template":"","format":"standard","meta":{"footnotes":""},"categories":[7],"tags":[],"class_list":["post-1272","post","type-post","status-publish","format-standard","has-post-thumbnail","hentry","category-notas-de-prensa"],"_links":{"self":[{"href":"https:\/\/prensapresidencialvenezuela.gob.ve\/index.php\/wp-json\/wp\/v2\/posts\/1272","targetHints":{"allow":["GET"]}}],"collection":[{"href":"https:\/\/prensapresidencialvenezuela.gob.ve\/index.php\/wp-json\/wp\/v2\/posts"}],"about":[{"href":"https:\/\/prensapresidencialvenezuela.gob.ve\/index.php\/wp-json\/wp\/v2\/types\/post"}],"author":[{"embeddable":true,"href":"https:\/\/prensapresidencialvenezuela.gob.ve\/index.php\/wp-json\/wp\/v2\/users\/6"}],"replies":[{"embeddable":true,"href":"https:\/\/prensapresidencialvenezuela.gob.ve\/index.php\/wp-json\/wp\/v2\/comments?post=1272"}],"version-history":[{"count":2,"href":"https:\/\/prensapresidencialvenezuela.gob.ve\/index.php\/wp-json\/wp\/v2\/posts\/1272\/revisions"}],"predecessor-version":[{"id":1275,"href":"https:\/\/prensapresidencialvenezuela.gob.ve\/index.php\/wp-json\/wp\/v2\/posts\/1272\/revisions\/1275"}],"wp:featuredmedia":[{"embeddable":true,"href":"https:\/\/prensapresidencialvenezuela.gob.ve\/index.php\/wp-json\/wp\/v2\/media\/1273"}],"wp:attachment":[{"href":"https:\/\/prensapresidencialvenezuela.gob.ve\/index.php\/wp-json\/wp\/v2\/media?parent=1272"}],"wp:term":[{"taxonomy":"category","embeddable":true,"href":"https:\/\/prensapresidencialvenezuela.gob.ve\/index.php\/wp-json\/wp\/v2\/categories?post=1272"},{"taxonomy":"post_tag","embeddable":true,"href":"https:\/\/prensapresidencialvenezuela.gob.ve\/index.php\/wp-json\/wp\/v2\/tags?post=1272"}],"curies":[{"name":"wp","href":"https:\/\/api.w.org\/{rel}","templated":true}]}}