{"id":12755,"date":"2024-07-30T00:11:22","date_gmt":"2024-07-30T04:11:22","guid":{"rendered":"https:\/\/prensapresidencialvenezuela.gob.ve\/?p=12755"},"modified":"2024-07-30T00:11:24","modified_gmt":"2024-07-30T04:11:24","slug":"presidente-llama-al-pueblo-a-declararse-en-accion-permanente-frente-a-intento-de-golpe-de-estado","status":"publish","type":"post","link":"https:\/\/prensapresidencialvenezuela.gob.ve\/index.php\/2024\/07\/30\/presidente-llama-al-pueblo-a-declararse-en-accion-permanente-frente-a-intento-de-golpe-de-estado\/","title":{"rendered":"Presidente llama al pueblo a declararse en acci\u00f3n permanente frente a intento de golpe de Estado"},"content":{"rendered":"\n<p><strong>Palacio de Miraflores, Caracas.- <\/strong>&nbsp;El presidente de la Rep\u00fablica Bolivariana de Venezuela, Nicol\u00e1s Maduro Moros, llam\u00f3 al pueblo a declararse en acci\u00f3n permanente y en vigilia para acabar con el intento insurreccional de violencia y golpe de Estado.<\/p>\n\n\n\n<p>\u201cA defender la paz, se los dije, lleg\u00f3 la hora de defender la paz en las calles y el respaldo absoluto en uni\u00f3n de la Fuerza Armada Nacional Bolivariana y las fuerzas policiales del pa\u00eds\u201d, instruy\u00f3.<\/p>\n\n\n\n<p>En este sentido, Diosdado Cabello, Primer Vicepresidente del Partido Socialista de Venezuela , inform\u00f3 un conjunto de acciones de calle con el pueblo movilizado y una gran marcha que este martes arrancar\u00e1 a partir de las 02:00 de la tarde desde Petare hasta el Palacio de Miraflores, en defensa de la Revoluci\u00f3n Bolivariana.<\/p>\n\n\n\n<p>Tambi\u00e9n, el Mandatario difundi\u00f3 im\u00e1genes del ataque al alcalde del municipio Obispo del estado Barinas, Adrian Azuaje, quien \u00abiba con su hijo en un veh\u00edculo e intentaron matarlo, lo que me recuerda mucho las escenas de golpe de Estado en Bolivia\u201d.<\/p>\n\n\n\n<p>Al respecto, el Presidente inform\u00f3 que ya est\u00e1n identificados los autores de la agresi\u00f3n.<\/p>\n\n\n\n<p>Anunci\u00f3 que este martes se instalar\u00e1 la Reuni\u00f3n Conjunta del Consejo de Estado y el Consejo de Defensa de la Naci\u00f3n para planificar lo concerniente al Gran Di\u00e1logo en las Cinco Dimensiones.<\/p>\n\n\n\n<p>\u00abYa est\u00e1 invitada toda Venezuela, un di\u00e1logo soberano, aqu\u00ed no va a meter sus narices nadie, ya basta, ya esa p\u00e1gina se pas\u00f3, ahora es un di\u00e1logo entre venezolanos y venezolanas, para el rumbo de la econom\u00eda, la recuperaci\u00f3n de los derechos sociales y laborales, el reforzamiento de la identidad nacional, el encuentro de todas las religiones y credos del pa\u00eds y el encuentro pol\u00edtico profundo, en funci\u00f3n de esta Constituci\u00f3n y del futuro de Venezuela\u00bb.<\/p>\n\n\n\n<p>Por otro lado, revel\u00f3 que en reuni\u00f3n con el jefe de la Asesor\u00eda Especial de la Rep\u00fablica Federativa de Brasil, Celso Amorim, coment\u00f3 c\u00f3mo todo \u201cel sindicato, llamado as\u00ed, de la ultraderecha mundial, del fascismo, ve a Venezuela como la joya de la corona para ponerle la mano y detr\u00e1s el imperialismo, siempre con su diplomacia falsa y de enga\u00f1o\u201d.<\/p>\n\n\n\n<p><strong>Prensa Presidencial \/ Eduardo Hueck<\/strong><\/p>\n","protected":false},"excerpt":{"rendered":"<p>Palacio de Miraflores, Caracas.- &nbsp;El presidente de la Rep\u00fablica Bolivariana de Venezuela, Nicol\u00e1s Maduro Moros, llam\u00f3 al pueblo a declararse en acci\u00f3n permanente y en vigilia para acabar con el intento insurreccional de violencia y golpe de Estado. \u201cA defender la paz, se los dije, lleg\u00f3 la hora de defender la paz en las calles [&hellip;]<\/p>\n","protected":false},"author":1,"featured_media":12756,"comment_status":"open","ping_status":"open","sticky":false,"template":"","format":"standard","meta":{"footnotes":""},"categories":[18,7],"tags":[528,722,451],"class_list":["post-12755","post","type-post","status-publish","format-standard","has-post-thumbnail","hentry","category-noticias-principales","category-notas-de-prensa","tag-defensa","tag-llamado","tag-pueblo"],"_links":{"self":[{"href":"https:\/\/prensapresidencialvenezuela.gob.ve\/index.php\/wp-json\/wp\/v2\/posts\/12755","targetHints":{"allow":["GET"]}}],"collection":[{"href":"https:\/\/prensapresidencialvenezuela.gob.ve\/index.php\/wp-json\/wp\/v2\/posts"}],"about":[{"href":"https:\/\/prensapresidencialvenezuela.gob.ve\/index.php\/wp-json\/wp\/v2\/types\/post"}],"author":[{"embeddable":true,"href":"https:\/\/prensapresidencialvenezuela.gob.ve\/index.php\/wp-json\/wp\/v2\/users\/1"}],"replies":[{"embeddable":true,"href":"https:\/\/prensapresidencialvenezuela.gob.ve\/index.php\/wp-json\/wp\/v2\/comments?post=12755"}],"version-history":[{"count":1,"href":"https:\/\/prensapresidencialvenezuela.gob.ve\/index.php\/wp-json\/wp\/v2\/posts\/12755\/revisions"}],"predecessor-version":[{"id":12757,"href":"https:\/\/prensapresidencialvenezuela.gob.ve\/index.php\/wp-json\/wp\/v2\/posts\/12755\/revisions\/12757"}],"wp:featuredmedia":[{"embeddable":true,"href":"https:\/\/prensapresidencialvenezuela.gob.ve\/index.php\/wp-json\/wp\/v2\/media\/12756"}],"wp:attachment":[{"href":"https:\/\/prensapresidencialvenezuela.gob.ve\/index.php\/wp-json\/wp\/v2\/media?parent=12755"}],"wp:term":[{"taxonomy":"category","embeddable":true,"href":"https:\/\/prensapresidencialvenezuela.gob.ve\/index.php\/wp-json\/wp\/v2\/categories?post=12755"},{"taxonomy":"post_tag","embeddable":true,"href":"https:\/\/prensapresidencialvenezuela.gob.ve\/index.php\/wp-json\/wp\/v2\/tags?post=12755"}],"curies":[{"name":"wp","href":"https:\/\/api.w.org\/{rel}","templated":true}]}}