{"id":12764,"date":"2024-07-30T14:35:11","date_gmt":"2024-07-30T18:35:11","guid":{"rendered":"https:\/\/prensapresidencialvenezuela.gob.ve\/?p=12764"},"modified":"2024-07-30T14:39:00","modified_gmt":"2024-07-30T18:39:00","slug":"presidente-instala-en-miraflores-reunion-conjunta-del-consejo-de-estado-y-el-consejo-de-defensa-de-la-nacion","status":"publish","type":"post","link":"https:\/\/prensapresidencialvenezuela.gob.ve\/index.php\/2024\/07\/30\/presidente-instala-en-miraflores-reunion-conjunta-del-consejo-de-estado-y-el-consejo-de-defensa-de-la-nacion\/","title":{"rendered":"Presidente instala en Miraflores Reuni\u00f3n Conjunta del Consejo de Estado y el Consejo de Defensa de la Naci\u00f3n"},"content":{"rendered":"\n<p><strong>Palacio de Miraflores, Caracas.-<\/strong> El presidente de la Rep\u00fablica Bolivariana de Venezuela, Nicol\u00e1s Maduro, instala este martes en el Palacio de Miraflores la Reuni\u00f3n Conjunta del Consejo de Estado y el Consejo de Defensa de la Naci\u00f3n para planificar lo concerniente al Gran Di\u00e1logo en las Cinco Dimensiones.<\/p>\n\n\n\n<p>En la noche de este lunes, en un mensaje al pa\u00eds, el Dignatario nacional adelant\u00f3 que para este di\u00e1logo, desde ya, est\u00e1 invitada toda Venezuela\u201d, como parte de un \u201cdi\u00e1logo soberano, aqu\u00ed no va a meter sus narices nadie, ya basta, ya esa p\u00e1gina se pas\u00f3, ahora es un di\u00e1logo entre venezolanos y venezolanas\u201d.<\/p>\n\n\n\n<p>El objetivo es seguir afinando aspectos importantes \u2013 dijo \u2013 para el &nbsp;rumbo de la econom\u00eda, la recuperaci\u00f3n de los derechos sociales y laborales, el reforzamiento de la identidad nacional, el encuentro de todas las religiones y credos del pa\u00eds y el encuentro pol\u00edtico profundo, en funci\u00f3n de esta Constituci\u00f3n y del futuro de Venezuela.<\/p>\n\n\n\n<p><strong>Prensa Presidencial<\/strong><\/p>\n","protected":false},"excerpt":{"rendered":"<p>Palacio de Miraflores, Caracas.- El presidente de la Rep\u00fablica Bolivariana de Venezuela, Nicol\u00e1s Maduro, instala este martes en el Palacio de Miraflores la Reuni\u00f3n Conjunta del Consejo de Estado y el Consejo de Defensa de la Naci\u00f3n para planificar lo concerniente al Gran Di\u00e1logo en las Cinco Dimensiones. En la noche de este lunes, en [&hellip;]<\/p>\n","protected":false},"author":1,"featured_media":12765,"comment_status":"open","ping_status":"open","sticky":false,"template":"","format":"standard","meta":{"footnotes":""},"categories":[18,7],"tags":[726,528,527,725],"class_list":["post-12764","post","type-post","status-publish","format-standard","has-post-thumbnail","hentry","category-noticias-principales","category-notas-de-prensa","tag-consejo","tag-defensa","tag-nacion","tag-reunion"],"_links":{"self":[{"href":"https:\/\/prensapresidencialvenezuela.gob.ve\/index.php\/wp-json\/wp\/v2\/posts\/12764","targetHints":{"allow":["GET"]}}],"collection":[{"href":"https:\/\/prensapresidencialvenezuela.gob.ve\/index.php\/wp-json\/wp\/v2\/posts"}],"about":[{"href":"https:\/\/prensapresidencialvenezuela.gob.ve\/index.php\/wp-json\/wp\/v2\/types\/post"}],"author":[{"embeddable":true,"href":"https:\/\/prensapresidencialvenezuela.gob.ve\/index.php\/wp-json\/wp\/v2\/users\/1"}],"replies":[{"embeddable":true,"href":"https:\/\/prensapresidencialvenezuela.gob.ve\/index.php\/wp-json\/wp\/v2\/comments?post=12764"}],"version-history":[{"count":2,"href":"https:\/\/prensapresidencialvenezuela.gob.ve\/index.php\/wp-json\/wp\/v2\/posts\/12764\/revisions"}],"predecessor-version":[{"id":12767,"href":"https:\/\/prensapresidencialvenezuela.gob.ve\/index.php\/wp-json\/wp\/v2\/posts\/12764\/revisions\/12767"}],"wp:featuredmedia":[{"embeddable":true,"href":"https:\/\/prensapresidencialvenezuela.gob.ve\/index.php\/wp-json\/wp\/v2\/media\/12765"}],"wp:attachment":[{"href":"https:\/\/prensapresidencialvenezuela.gob.ve\/index.php\/wp-json\/wp\/v2\/media?parent=12764"}],"wp:term":[{"taxonomy":"category","embeddable":true,"href":"https:\/\/prensapresidencialvenezuela.gob.ve\/index.php\/wp-json\/wp\/v2\/categories?post=12764"},{"taxonomy":"post_tag","embeddable":true,"href":"https:\/\/prensapresidencialvenezuela.gob.ve\/index.php\/wp-json\/wp\/v2\/tags?post=12764"}],"curies":[{"name":"wp","href":"https:\/\/api.w.org\/{rel}","templated":true}]}}