{"id":12768,"date":"2024-07-30T20:48:42","date_gmt":"2024-07-31T00:48:42","guid":{"rendered":"https:\/\/prensapresidencialvenezuela.gob.ve\/?p=12768"},"modified":"2024-07-30T20:48:44","modified_gmt":"2024-07-31T00:48:44","slug":"venezuela-enfrenta-arremetida-mundial-de-la-ultraderecha","status":"publish","type":"post","link":"https:\/\/prensapresidencialvenezuela.gob.ve\/index.php\/2024\/07\/30\/venezuela-enfrenta-arremetida-mundial-de-la-ultraderecha\/","title":{"rendered":"Venezuela enfrenta arremetida mundial de la ultraderecha"},"content":{"rendered":"\n<p>Palacio de Miraflores, Caracas. -En reuni\u00f3n conjunta del Consejo de Estado y Consejo de Defensa de la Naci\u00f3n, el presidente de la Rep\u00fablica Bolivariana de Venezuela, Nicol\u00e1s Maduro Moros, afirm\u00f3 en sesi\u00f3n conjunta con los cinco Poderes del pa\u00eds como garantes de la paz, que Venezuela y el Gobierno Bolivariano est\u00e1n enfrentando una arremetida mundial de la ultraderecha para desestabilizar y destruir a la Naci\u00f3n.<\/p>\n\n\n\n<p>\u201cHoy estamos los representantes de la Constituci\u00f3n Nacional,&nbsp; garantes de la paz con los Cinco Poderes Constitucionales, el Poder Judicial, el Poder Moral, el Poder Ejecutivo, el Poder Electoral y el Poder Legislativo, evaluando los acontecimientos de los \u00faltimos d\u00edas y ponderando opiniones, de car\u00e1cter geopol\u00edtico, institucional, social y comunicacional, para decirle a toda Venezuela que estamos viviendo un intento de desestabilizaci\u00f3n masiva, lo denunciamos a tiempo, desde el 2023, que se iba a utilizar la campa\u00f1a electoral y las elecciones presidenciales, con financiamientos de los Estados Unidos y del narcotr\u00e1fico colombiano, para montar una fuerza de choque llena de odio, criminalidad y violencia y arremeter contra la paz del pueblo y contra las instituciones. Aqu\u00ed estamos desmantelando un golpe de estado contra Venezuela\u201d, subray\u00f3.<\/p>\n\n\n\n<p>El jefe de Estado manifest\u00f3 que cuenta con suficientes pruebas y testimonios que avalan sus afirmaciones, sobre el complot con detenidos convictos y confesos ya capturados y condenados.<\/p>\n\n\n\n<p>\u201cTenemos las pruebas, los testimonios, y las personas involucradas, y los gringos por detr\u00e1s, quienes siempre han asesinado presidentes en su largo historial de golpes de estado, es un imperio acostumbrado a la violencia,&nbsp; que prepar\u00f3 un escenario&nbsp; contra Venezuela por encima de la Constituci\u00f3n con su proyecto fascista. Venezuela es la Joya de la Corona de Am\u00e9rica del Sur, tenemos la mayor riqueza en petr\u00f3leo del mundo certificada y cada dia que pasa Venezuela&nbsp; lo que hace es crecer, tenemos la cuarta reserva certificada de gas del mundo, y la primera reserva certificada de oro del mundo,&nbsp; y tenemos el 20 por ciento de los acu\u00edferos del mundo, con nuestra octava estrella,&nbsp; que defenderemos, la estrella de Guayana liberada, del Orinoco y del Caron\u00ed decretada por Bol\u00edvar\u201d.<\/p>\n\n\n\n<p>Agreg\u00f3 que adem\u00e1s del ataque fascista de la ultraderecha, hay una campa\u00f1a feroz por las Redes Sociales contra Venezuela, impulsada por el millonario Elon Musk, por el imperialismo Yankee, el narcotr\u00e1fico colombiano y la derecha ultrafascista del mundo , para desestabilizar a toda una sociedad.<\/p>\n\n\n\n<p>\u201cLas redes sociales est\u00e1n complotadas para tratar de desestabilizar otra vez a Venezuela, no soportan que nuestro pa\u00eds se haya recuperado y se siga recuperando totalmente no lo soportan,&nbsp; quieren destruir a Venezuela estas oligarqu\u00eda de los apellidos\u201d.<\/p>\n\n\n\n<p>Enfatiz\u00f3 que todo&nbsp; est\u00e1 formateado&nbsp; a trav\u00e9s de una \u00abDiplomacia del Enga\u00f1o\u00bb&nbsp; con mucho dinero&nbsp; y mucho poder, quienes establecieron los famosos&nbsp; comanditos , que son en definitiva&nbsp; dice el presidente Maduro unos&nbsp; \u00abmalandritos\u00bb&nbsp; para la violencia para la venganza y para el fascismo, que devela el rostro terrible y decr\u00e9pito del fascismo criminal.<\/p>\n\n\n\n<p>Prensa Presidencial\/Orlando Ruiz<\/p>\n","protected":false},"excerpt":{"rendered":"<p>Palacio de Miraflores, Caracas. -En reuni\u00f3n conjunta del Consejo de Estado y Consejo de Defensa de la Naci\u00f3n, el presidente de la Rep\u00fablica Bolivariana de Venezuela, Nicol\u00e1s Maduro Moros, afirm\u00f3 en sesi\u00f3n conjunta con los cinco Poderes del pa\u00eds como garantes de la paz, que Venezuela y el Gobierno Bolivariano est\u00e1n enfrentando una arremetida mundial [&hellip;]<\/p>\n","protected":false},"author":1,"featured_media":12769,"comment_status":"open","ping_status":"open","sticky":false,"template":"","format":"standard","meta":{"footnotes":""},"categories":[18,7],"tags":[727,557],"class_list":["post-12768","post","type-post","status-publish","format-standard","has-post-thumbnail","hentry","category-noticias-principales","category-notas-de-prensa","tag-geopolitica","tag-paz"],"_links":{"self":[{"href":"https:\/\/prensapresidencialvenezuela.gob.ve\/index.php\/wp-json\/wp\/v2\/posts\/12768","targetHints":{"allow":["GET"]}}],"collection":[{"href":"https:\/\/prensapresidencialvenezuela.gob.ve\/index.php\/wp-json\/wp\/v2\/posts"}],"about":[{"href":"https:\/\/prensapresidencialvenezuela.gob.ve\/index.php\/wp-json\/wp\/v2\/types\/post"}],"author":[{"embeddable":true,"href":"https:\/\/prensapresidencialvenezuela.gob.ve\/index.php\/wp-json\/wp\/v2\/users\/1"}],"replies":[{"embeddable":true,"href":"https:\/\/prensapresidencialvenezuela.gob.ve\/index.php\/wp-json\/wp\/v2\/comments?post=12768"}],"version-history":[{"count":1,"href":"https:\/\/prensapresidencialvenezuela.gob.ve\/index.php\/wp-json\/wp\/v2\/posts\/12768\/revisions"}],"predecessor-version":[{"id":12770,"href":"https:\/\/prensapresidencialvenezuela.gob.ve\/index.php\/wp-json\/wp\/v2\/posts\/12768\/revisions\/12770"}],"wp:featuredmedia":[{"embeddable":true,"href":"https:\/\/prensapresidencialvenezuela.gob.ve\/index.php\/wp-json\/wp\/v2\/media\/12769"}],"wp:attachment":[{"href":"https:\/\/prensapresidencialvenezuela.gob.ve\/index.php\/wp-json\/wp\/v2\/media?parent=12768"}],"wp:term":[{"taxonomy":"category","embeddable":true,"href":"https:\/\/prensapresidencialvenezuela.gob.ve\/index.php\/wp-json\/wp\/v2\/categories?post=12768"},{"taxonomy":"post_tag","embeddable":true,"href":"https:\/\/prensapresidencialvenezuela.gob.ve\/index.php\/wp-json\/wp\/v2\/tags?post=12768"}],"curies":[{"name":"wp","href":"https:\/\/api.w.org\/{rel}","templated":true}]}}