{"id":12778,"date":"2024-07-30T21:24:54","date_gmt":"2024-07-31T01:24:54","guid":{"rendered":"https:\/\/prensapresidencialvenezuela.gob.ve\/?p=12778"},"modified":"2024-07-30T21:24:55","modified_gmt":"2024-07-31T01:24:55","slug":"el-centro-de-las-conspiraciones-esta-en-la-frontera-con-colombia","status":"publish","type":"post","link":"https:\/\/prensapresidencialvenezuela.gob.ve\/index.php\/2024\/07\/30\/el-centro-de-las-conspiraciones-esta-en-la-frontera-con-colombia\/","title":{"rendered":"El centro de las conspiraciones est\u00e1 en la frontera con Colombia"},"content":{"rendered":"\n<p><strong>Palacio de Miraflores, Caracas.-<\/strong> Durante una reuni\u00f3n conjunta con el Consejo de Estado y el Consejo de Defensa de la Naci\u00f3n, el presidente de la Rep\u00fablica Bolivariana de Venezuela, Nicol\u00e1s Maduro Moros, denunci\u00f3 que el centro de las conspiraciones contra el pa\u00eds est\u00e1 en la frontera con Colombia.<\/p>\n\n\n\n<p>Su declaraci\u00f3n es a prop\u00f3sito de las confecciones de uno de los implicados en hechos violentos y delictivos perteneciente a los \u00abcomanditos\u00bb quien \u00abidentifica a todos los delincuentes que ya est\u00e1n siendo buscados e identifica el lugar donde ten\u00edan las armas y esperamos recuperar estas armas muy r\u00e1pido son armas que entraron por Colombia\u00bb, detall\u00f3 Maduro.<\/p>\n\n\n\n<p>El Mandatario venezolano vincul\u00f3 estos actos violentos con planes de desestabilizaci\u00f3n respaldados por fuerzas externas, se\u00f1alando a Edmundo Gonz\u00e1lez Urrutia como una figura una pieza fundamental en una nueva versi\u00f3n de Juan Guaid\u00f3.<\/p>\n\n\n\n<p>\u00abTodo el narcotr\u00e1fico est\u00e1 apoyando a Gonz\u00e1lez Urrutia, la nueva versi\u00f3n Guaid\u00f3 2.0; un se\u00f1or desconocido que sabe los planes, est\u00e1 al tanto\u00bb detallando la trayectoria de Gonz\u00e1lez, quien fung\u00eda como diplom\u00e1tico, un c\u00f3mplice activo en asesinatos selectivos en la Rep\u00fablica de El Salvador.<\/p>\n\n\n\n<p>\u00ab(&#8230;) Cuando la matanza del monse\u00f1or Romero, la matanza de los jesuitas, \u00e9l&nbsp; est\u00e1 involucrado en operaciones de la CIA, encubiertos en el Salvador para con la embajada de Venezuela tapar mercenarios, escuadrones de la muerte en el Salvador, de ah\u00ed viene, es agente durmiente de la CIA, de ah\u00ed lo sacaron con la suficiente carga de maldad y odio para prestarse\u00bb, denunci\u00f3.<\/p>\n\n\n\n<p>\u00abTodo esto tiene consecuencias legales, jur\u00eddicas y judiciales. Esta vez no habr\u00e1 impunidad. Guaid\u00f3 2.0 no prosperar\u00e1. Tengan la seguridad de que se har\u00e1 justicia\u00bb, advirti\u00f3 Maduro, subrayando su determinaci\u00f3n en enfrentar cualquier intento de desestabilizaci\u00f3n en el pa\u00eds.<\/p>\n\n\n\n<p><strong>Prensa Presidencial\/ Eduardo Hueck<\/strong><\/p>\n","protected":false},"excerpt":{"rendered":"<p>Palacio de Miraflores, Caracas.- Durante una reuni\u00f3n conjunta con el Consejo de Estado y el Consejo de Defensa de la Naci\u00f3n, el presidente de la Rep\u00fablica Bolivariana de Venezuela, Nicol\u00e1s Maduro Moros, denunci\u00f3 que el centro de las conspiraciones contra el pa\u00eds est\u00e1 en la frontera con Colombia. Su declaraci\u00f3n es a prop\u00f3sito de las [&hellip;]<\/p>\n","protected":false},"author":1,"featured_media":12779,"comment_status":"open","ping_status":"open","sticky":false,"template":"","format":"standard","meta":{"footnotes":""},"categories":[18,7],"tags":[40,656,731],"class_list":["post-12778","post","type-post","status-publish","format-standard","has-post-thumbnail","hentry","category-noticias-principales","category-notas-de-prensa","tag-colombia","tag-conspiracion","tag-frontera"],"_links":{"self":[{"href":"https:\/\/prensapresidencialvenezuela.gob.ve\/index.php\/wp-json\/wp\/v2\/posts\/12778","targetHints":{"allow":["GET"]}}],"collection":[{"href":"https:\/\/prensapresidencialvenezuela.gob.ve\/index.php\/wp-json\/wp\/v2\/posts"}],"about":[{"href":"https:\/\/prensapresidencialvenezuela.gob.ve\/index.php\/wp-json\/wp\/v2\/types\/post"}],"author":[{"embeddable":true,"href":"https:\/\/prensapresidencialvenezuela.gob.ve\/index.php\/wp-json\/wp\/v2\/users\/1"}],"replies":[{"embeddable":true,"href":"https:\/\/prensapresidencialvenezuela.gob.ve\/index.php\/wp-json\/wp\/v2\/comments?post=12778"}],"version-history":[{"count":1,"href":"https:\/\/prensapresidencialvenezuela.gob.ve\/index.php\/wp-json\/wp\/v2\/posts\/12778\/revisions"}],"predecessor-version":[{"id":12780,"href":"https:\/\/prensapresidencialvenezuela.gob.ve\/index.php\/wp-json\/wp\/v2\/posts\/12778\/revisions\/12780"}],"wp:featuredmedia":[{"embeddable":true,"href":"https:\/\/prensapresidencialvenezuela.gob.ve\/index.php\/wp-json\/wp\/v2\/media\/12779"}],"wp:attachment":[{"href":"https:\/\/prensapresidencialvenezuela.gob.ve\/index.php\/wp-json\/wp\/v2\/media?parent=12778"}],"wp:term":[{"taxonomy":"category","embeddable":true,"href":"https:\/\/prensapresidencialvenezuela.gob.ve\/index.php\/wp-json\/wp\/v2\/categories?post=12778"},{"taxonomy":"post_tag","embeddable":true,"href":"https:\/\/prensapresidencialvenezuela.gob.ve\/index.php\/wp-json\/wp\/v2\/tags?post=12778"}],"curies":[{"name":"wp","href":"https:\/\/api.w.org\/{rel}","templated":true}]}}