{"id":12792,"date":"2024-07-31T20:23:22","date_gmt":"2024-08-01T00:23:22","guid":{"rendered":"https:\/\/prensapresidencialvenezuela.gob.ve\/?p=12792"},"modified":"2024-08-04T20:29:30","modified_gmt":"2024-08-05T00:29:30","slug":"presidente-subraya-que-existe-suficiente-material-sobre-el-complot-nacional-e-internacional","status":"publish","type":"post","link":"https:\/\/prensapresidencialvenezuela.gob.ve\/index.php\/2024\/07\/31\/presidente-subraya-que-existe-suficiente-material-sobre-el-complot-nacional-e-internacional\/","title":{"rendered":"Presidente subraya que existe suficiente material sobre el complot nacional e internacional"},"content":{"rendered":"\n<p><strong>Palacio Miraflores, Caracas \u201c<\/strong>Como jefe de Estado he ido a solicitar al m\u00e1ximo tribunal del pa\u00eds en su sala electoral, como est\u00e1 contemplado en la Constituci\u00f3n, que sea el que, ante el ataque masivo y el intento de un golpe de Estado criminal y las circunstancias de ataque internacional y amenaza, procese un contencioso electoral\u201d, se\u00f1al\u00f3 en rueda de prensa el Mandatario nacional, Nicol\u00e1s Maduro, al referirse al recurso de amparo interpuesto ante la Sala Pol\u00edtico Electoral del Tribunal Supremo de Justicia (TSJ).<\/p>\n\n\n\n<p>Este mi\u00e9rcoles, el jefe de Estado venezolano asisti\u00f3 al Tribunal&nbsp;Supremo de Justicia y fij\u00f3 posici\u00f3n sobre la responsabilidad y eficiencia del proceso electoral del pasado 28 de julio.&nbsp;<\/p>\n\n\n\n<p>En tal sentido, el Mandatario Nacional ante la irracionalidad y la violencia desenfrenada por parte de sectores de la oposici\u00f3n, entreg\u00f3 un Recurso de Amparo ante la Sala Pol\u00edtico Electoral del TSJ,&nbsp; manifestando que en Venezuela habr\u00e1 paz.<\/p>\n\n\n\n<p>En contexto, el Dignatario nombr\u00f3 una Alta Comisi\u00f3n Conjunta del Gobierno Nacional y la Fiscal\u00eda General de la Rep\u00fablica,&nbsp; para proteger a las v\u00edctimas de la violencia generada por el fascismo,&nbsp; quienes ser\u00e1n atendidas y apoyadas desde el punto de vista social, jur\u00eddico y econ\u00f3mico con los mejores expertos del pa\u00eds.<\/p>\n\n\n\n<p>Se precis\u00f3 que existe suficiente material sobre el complot nacional e internacional y que la Vicepresidenta de la Rep\u00fablica, doctora Delcy Rodr\u00edguez, queda encargada para abrir un espacio para la denuncia&nbsp; de los grupos&nbsp; delincuenciales que intenten generar inestabilidad en la Rep\u00fablica Bolivariana de Venezuela.<\/p>\n\n\n\n<p>Ayer martes, en su alocuci\u00f3n, el Presidente record\u00f3 que \u201ccerca de 1500 invitados internacionales y todas las organizaciones pol\u00edticas fueron convocadas a presenciar el proceso electoral del pasado 28 de julio, y al entregar el Recurso de Amparo ante el TSJ, se conoci\u00f3 que el Consejo Nacional Electoral,&nbsp; tiene 30 d\u00edas para publicar en Gaceta Oficial los resultados, la totalizaci\u00f3n y proclamaci\u00f3n del Presidente Electo Nicol\u00e1s Maduro Moros como Presidente Constitucional para el per\u00edodo 2025-2031\u201d.<\/p>\n\n\n\n<p>El Recurso de Amparo que entreg\u00f3 ante la Sala Pol\u00edtico Electoral del Tribunal Supremo de Justicia,&nbsp; es con el fin de garantizar la paz ante los factores extremistas que intentan crear un ambiente golpista y fascista.&nbsp;<\/p>\n\n\n\n<p>\u201cTenemos las pruebas y la detenci\u00f3n de varios cabecillas quienes han estado creando zozobra&nbsp; apoyados por la ultraderecha\u201d,&nbsp; afirm\u00f3 el presidente Nicol\u00e1s Maduro.<\/p>\n\n\n\n<p>La presidenta del Tribunal Supremo de justicia, Magistrada&nbsp;Caryslia&nbsp;Beatriz Rodr\u00edguez, recibi\u00f3 de manos del Presidente Nicol\u00e1s Maduro el Recurso de Amparo&nbsp;sobre los ataques de la ultraderecha para desestabilizar a Venezuela.<\/p>\n\n\n\n<p>Desde el TSJ, el presidente Maduro reiter\u00f3 que el pueblo quiere paz y debemos garantizar la estabilidad democr\u00e1tica, alegando&nbsp;que \u00e9l ya hab\u00eda denunciado&nbsp;en su campa\u00f1a electoral,&nbsp;que luego de su triunfo,&nbsp; se iba a generar &nbsp;una campa\u00f1a de odio y criminalidad&nbsp;para arremeter y destruir&nbsp;&nbsp;la paz,&nbsp; las instituciones y &nbsp;al Gobierno Bolivariano.&nbsp;&nbsp;<\/p>\n\n\n\n<p>\u201cTenemos que dar la verdad ante el mundo,&nbsp; que ganamos con m\u00e1s de 5 millones de votos,&nbsp; pero estos grupos extremistas con sus arremetidas a lo largo de estos a\u00f1os desconocen siempre nuestros triunfos para&nbsp; desestabilizar a Venezuela, pero no lo han logrado ni lo lograr\u00e1n porque en Venezuela se va a imponer la paz\u201d, fueron parte de las palabras del presidente Maduro ante el Tribunal Supremo&nbsp;de Justicia, consideraciones que rescat\u00f3 el jefe de Estado en rueda de prensa internacional, horas m\u00e1s tarde.<\/p>\n\n\n\n<p>&nbsp;Prensa Presidencial\/Orlando Ruiz<\/p>\n","protected":false},"excerpt":{"rendered":"<p>Palacio Miraflores, Caracas \u201cComo jefe de Estado he ido a solicitar al m\u00e1ximo tribunal del pa\u00eds en su sala electoral, como est\u00e1 contemplado en la Constituci\u00f3n, que sea el que, ante el ataque masivo y el intento de un golpe de Estado criminal y las circunstancias de ataque internacional y amenaza, procese un contencioso electoral\u201d, [&hellip;]<\/p>\n","protected":false},"author":1,"featured_media":12793,"comment_status":"open","ping_status":"open","sticky":false,"template":"","format":"standard","meta":{"footnotes":""},"categories":[18,7],"tags":[735,681],"class_list":["post-12792","post","type-post","status-publish","format-standard","has-post-thumbnail","hentry","category-noticias-principales","category-notas-de-prensa","tag-complot","tag-internacional"],"_links":{"self":[{"href":"https:\/\/prensapresidencialvenezuela.gob.ve\/index.php\/wp-json\/wp\/v2\/posts\/12792","targetHints":{"allow":["GET"]}}],"collection":[{"href":"https:\/\/prensapresidencialvenezuela.gob.ve\/index.php\/wp-json\/wp\/v2\/posts"}],"about":[{"href":"https:\/\/prensapresidencialvenezuela.gob.ve\/index.php\/wp-json\/wp\/v2\/types\/post"}],"author":[{"embeddable":true,"href":"https:\/\/prensapresidencialvenezuela.gob.ve\/index.php\/wp-json\/wp\/v2\/users\/1"}],"replies":[{"embeddable":true,"href":"https:\/\/prensapresidencialvenezuela.gob.ve\/index.php\/wp-json\/wp\/v2\/comments?post=12792"}],"version-history":[{"count":1,"href":"https:\/\/prensapresidencialvenezuela.gob.ve\/index.php\/wp-json\/wp\/v2\/posts\/12792\/revisions"}],"predecessor-version":[{"id":12794,"href":"https:\/\/prensapresidencialvenezuela.gob.ve\/index.php\/wp-json\/wp\/v2\/posts\/12792\/revisions\/12794"}],"wp:featuredmedia":[{"embeddable":true,"href":"https:\/\/prensapresidencialvenezuela.gob.ve\/index.php\/wp-json\/wp\/v2\/media\/12793"}],"wp:attachment":[{"href":"https:\/\/prensapresidencialvenezuela.gob.ve\/index.php\/wp-json\/wp\/v2\/media?parent=12792"}],"wp:term":[{"taxonomy":"category","embeddable":true,"href":"https:\/\/prensapresidencialvenezuela.gob.ve\/index.php\/wp-json\/wp\/v2\/categories?post=12792"},{"taxonomy":"post_tag","embeddable":true,"href":"https:\/\/prensapresidencialvenezuela.gob.ve\/index.php\/wp-json\/wp\/v2\/tags?post=12792"}],"curies":[{"name":"wp","href":"https:\/\/api.w.org\/{rel}","templated":true}]}}