{"id":12804,"date":"2024-08-01T20:03:26","date_gmt":"2024-08-02T00:03:26","guid":{"rendered":"https:\/\/prensapresidencialvenezuela.gob.ve\/?p=12804"},"modified":"2024-08-01T20:03:27","modified_gmt":"2024-08-02T00:03:27","slug":"presidente-alerto-que-no-se-debe-convertir-de-nuevo-a-la-economia-en-un-campo-de-batalla","status":"publish","type":"post","link":"https:\/\/prensapresidencialvenezuela.gob.ve\/index.php\/2024\/08\/01\/presidente-alerto-que-no-se-debe-convertir-de-nuevo-a-la-economia-en-un-campo-de-batalla\/","title":{"rendered":"Presidente alert\u00f3 que no se debe \u00a0convertir de nuevo a la econom\u00eda en un campo de batalla"},"content":{"rendered":"\n<p>Sal\u00f3n Ezequiel Zamora, Palacio Blanco. -El presidente de la Rep\u00fablica Bolivariana de Venezuela, Nicol\u00e1s Maduro Moros, se sum\u00f3 a reuni\u00f3n del Consejo\u00a0 Nacional de Econom\u00eda Productiva, al cual manifest\u00f3 que entre los planes para mejorar la producci\u00f3n nacional, los mecanismos de inversi\u00f3n y la paz social, no se puede volver a convertir a la econom\u00eda venezolana en un campo de batalla, alert\u00f3 desde en el Sal\u00f3n Ezequiel Zamora,\u00a0en el Palacio Blanco, <\/p>\n\n\n\n<p>\u201cNo podemos aspirar a que la econom\u00eda sea el campo de batalla entre el odio y el amor, entre el fascismo y la democracia,&nbsp; yo luchar\u00e9 para&nbsp; que eso no suceda, d\u00e9jame eso a m\u00ed, yo&nbsp; en el campo pol\u00edtico tratar\u00e9 de vencer ese odio en contra de nuestra econom\u00eda\u201d, sentenci\u00f3 el jefe de Estado venezolano.<\/p>\n\n\n\n<p>Ratific\u00f3 el Mandatario que ha derrotado la hiperinflaci\u00f3n para ir hacia una inflaci\u00f3n controlada y luego a una inflaci\u00f3n moderada y baja,&nbsp; se\u00f1alando que nuestra&nbsp; econom\u00eda sigue su ritmo de trabajo.<\/p>\n\n\n\n<p>A 153 d\u00edas para que finalice el a\u00f1o, indic\u00f3: Llegamos a agosto y esperamos que nuestra econom\u00eda siga su ritmo de trabajo y esperamos que este a\u00f1o sea mejor, m\u00e1s aut\u00f3noma, independiente&nbsp; y robusta,&nbsp; donde ganemos todos,&nbsp; gana el inversionista, el trabajador, el ciudadano, el productor, la idea es ganar-ganar,&nbsp; ganar en precio, no volver a convertir m\u00e1s nunca nuestra&nbsp; econom\u00eda en un campo de batalla pol\u00edtico,&nbsp; en un campo polarizado, ha sido el peor error desde el 2001,&nbsp; donde&nbsp; el que le quita el alimento al pueblo es como el que le quita el agua, fue un gran error del cual aprendimos todos y por ello los mecanismos de di\u00e1logo se crearon con el Consejo Nacional de Econom\u00eda para avanzar, mejorar e impulsar el di\u00e1logo construyendo un consenso pa\u00eds, porque el desarrollo que se est\u00e1 levantando en Venezuela es un consenso pa\u00eds\u201d.<\/p>\n\n\n\n<p>Maduro agreg\u00f3 ante el Consejo Nacional de Econom\u00eda Productiva que \u201ccada d\u00eda estamos llegando a buenos acuerdos,&nbsp; a pesar que a\u00fan hay ciertos desacuerdos,&nbsp; y que existen cosas que se pueden hacer hoy en el marco de una agenda pa\u00eds en nuestra econom\u00eda,&nbsp; desligada del Banco Mundial y del Fondo Monetario Internacional\u201d.<\/p>\n\n\n\n<p>\u201cEstamos construyendo una econom\u00eda nacional, aut\u00f3noma, nuestra&nbsp; econom\u00eda,&nbsp; es nuestro pensamiento entre nosotros los venezolanos del Siglo XXI,&nbsp; bajo la potencialidad de una econom\u00eda venezolana que viene de nuestra&nbsp; agroindustria,&nbsp; de la industria y la experiencia de 20,&nbsp; 30 y 50 a\u00f1os en todos los 18&nbsp; motores definidos en la agenda econ\u00f3mica bolivariana\u00bb, recalc\u00f3.<\/p>\n\n\n\n<p>Igualmente, aclar\u00f3 que se ha logrado articular la econom\u00eda en motores y circuitos virtuosos que permiten que nuestra econom\u00eda pueda soportar las tensiones que han sucedido en el pa\u00eds, como lo sucedido el pasado domingo, lunes y martes,&nbsp; pero ya controladas\u201d,&nbsp; alegando que \u201ccada d\u00eda habr\u00e1 m\u00e1s paz m\u00e1s trabajo y m\u00e1s producci\u00f3n sobre&nbsp; todo cuando en este segundo&nbsp; semestre habr\u00e1 mejores ganancias y mayor progreso\u201d.<\/p>\n\n\n\n<p>Prensa Presidencial\/Orlando Ruiz<\/p>\n","protected":false},"excerpt":{"rendered":"<p>Sal\u00f3n Ezequiel Zamora, Palacio Blanco. -El presidente de la Rep\u00fablica Bolivariana de Venezuela, Nicol\u00e1s Maduro Moros, se sum\u00f3 a reuni\u00f3n del Consejo\u00a0 Nacional de Econom\u00eda Productiva, al cual manifest\u00f3 que entre los planes para mejorar la producci\u00f3n nacional, los mecanismos de inversi\u00f3n y la paz social, no se puede volver a convertir a la econom\u00eda [&hellip;]<\/p>\n","protected":false},"author":1,"featured_media":12806,"comment_status":"open","ping_status":"open","sticky":false,"template":"","format":"standard","meta":{"footnotes":""},"categories":[18,7],"tags":[610,465],"class_list":["post-12804","post","type-post","status-publish","format-standard","has-post-thumbnail","hentry","category-noticias-principales","category-notas-de-prensa","tag-dialogo","tag-economia"],"_links":{"self":[{"href":"https:\/\/prensapresidencialvenezuela.gob.ve\/index.php\/wp-json\/wp\/v2\/posts\/12804","targetHints":{"allow":["GET"]}}],"collection":[{"href":"https:\/\/prensapresidencialvenezuela.gob.ve\/index.php\/wp-json\/wp\/v2\/posts"}],"about":[{"href":"https:\/\/prensapresidencialvenezuela.gob.ve\/index.php\/wp-json\/wp\/v2\/types\/post"}],"author":[{"embeddable":true,"href":"https:\/\/prensapresidencialvenezuela.gob.ve\/index.php\/wp-json\/wp\/v2\/users\/1"}],"replies":[{"embeddable":true,"href":"https:\/\/prensapresidencialvenezuela.gob.ve\/index.php\/wp-json\/wp\/v2\/comments?post=12804"}],"version-history":[{"count":1,"href":"https:\/\/prensapresidencialvenezuela.gob.ve\/index.php\/wp-json\/wp\/v2\/posts\/12804\/revisions"}],"predecessor-version":[{"id":12807,"href":"https:\/\/prensapresidencialvenezuela.gob.ve\/index.php\/wp-json\/wp\/v2\/posts\/12804\/revisions\/12807"}],"wp:featuredmedia":[{"embeddable":true,"href":"https:\/\/prensapresidencialvenezuela.gob.ve\/index.php\/wp-json\/wp\/v2\/media\/12806"}],"wp:attachment":[{"href":"https:\/\/prensapresidencialvenezuela.gob.ve\/index.php\/wp-json\/wp\/v2\/media?parent=12804"}],"wp:term":[{"taxonomy":"category","embeddable":true,"href":"https:\/\/prensapresidencialvenezuela.gob.ve\/index.php\/wp-json\/wp\/v2\/categories?post=12804"},{"taxonomy":"post_tag","embeddable":true,"href":"https:\/\/prensapresidencialvenezuela.gob.ve\/index.php\/wp-json\/wp\/v2\/tags?post=12804"}],"curies":[{"name":"wp","href":"https:\/\/api.w.org\/{rel}","templated":true}]}}