{"id":1282,"date":"2022-02-22T15:23:00","date_gmt":"2022-02-22T15:23:00","guid":{"rendered":"http:\/\/172.27.0.121\/?p=1282"},"modified":"2022-06-07T15:25:32","modified_gmt":"2022-06-07T15:25:32","slug":"venezuela-aplicara-refuerzo-contra-la-covid-19-cada-4-meses","status":"publish","type":"post","link":"https:\/\/prensapresidencialvenezuela.gob.ve\/index.php\/2022\/02\/22\/venezuela-aplicara-refuerzo-contra-la-covid-19-cada-4-meses\/","title":{"rendered":"Venezuela aplicar\u00e1 refuerzo contra la COVID-19 cada 4 meses"},"content":{"rendered":"\n<p><strong>Palacio de Miraflores, Caracas.-<\/strong> El presidente de la Rep\u00fablica Bolivariana de Venezuela, Nicol\u00e1s Maduro Moros, en atenci\u00f3n a la recomendaci\u00f3n del Comit\u00e9 Terap\u00e9utico de la Comisi\u00f3n Presidencial contra la COVID-19, anunci\u00f3 que \u201ca partir de esta semana, asumiremos la vacuna de refuerzo despu\u00e9s de cuatro meses de la vacuna principal\u00bb.<\/p>\n\n\n\n<p>Al respecto, la vicepresidenta Ejecutiva, Delcy Rodr\u00edguez, detall\u00f3 que desde el inicio de la aplicaci\u00f3n del refuerzo contra el virus el pasado 3 de enero de 2022, \u201cven\u00edamos aplicando la t\u00e9cnica de que despu\u00e9s de la segunda dosis a los seis meses se hacia el refuerzo e hicimos una valoraci\u00f3n de cambiar a los cuatro meses\u201d.<\/p>\n\n\n\n<p>Explic\u00f3 que, a partir del seguimiento al comportamiento del virus en otros pa\u00edses, \u201ces preferible avanzar el tiempo de vacunaci\u00f3n despu\u00e9s de la segunda dosis\u201d.<\/p>\n\n\n\n<p>En esa l\u00ednea, pormenoriz\u00f3 que no solamente se est\u00e1 vacunando con la dosis de refuerzo a los trabajadores de la salud p\u00fablica y privada, sino tambi\u00e9n al personal de seguridad y trabajadores de los servicios p\u00fablicos. Rodr\u00edguez reiter\u00f3 que \u201clas vacunas para el proceso de refuerzo est\u00e1n el pa\u00eds\u201d<\/p>\n\n\n\n<p><strong>Alerta Europa y Estados Unidos<\/strong><\/p>\n\n\n\n<p>Por su parte, el Jefe de Estado inst\u00f3 a Estados Unidos y pa\u00edses europeos a iniciar esfuerzos para proteger a su poblaci\u00f3n contra la pandemia y promover la vacunaci\u00f3n, puesto que podr\u00edan volver a la situaci\u00f3n epidemiol\u00f3gica inicial.<\/p>\n\n\n\n<p>\u201cHago un llamado Joe Biden -presidente estadounidense- para que se ocupe del tema de la pandemia en los Estados Unidos porque va a ser grave, el pron\u00f3stico que nosotros tenemos y con los datos estad\u00edsticos va a ser grave en Estados Unidos\u201d, alert\u00f3<\/p>\n\n\n\n<p>Agreg\u00f3 que \u201cva a ser muy grave en Europa, porque la mayor\u00eda de la poblaci\u00f3n estar\u00e1 como el principio: sin vacuna, porque no est\u00e1n vacunado para el refuerzo y la vacuna occidental dura tres meses m\u00e1ximo cuatro meses\u201d.<\/p>\n\n\n\n<p>Igualmente, alert\u00f3 que existe una campa\u00f1a sobre la variante \u00d3micron, donde se pretende imponer la teor\u00eda de que es \u201cla \u00faltima variante de la COVID-19\u201d y permitir\u00e1 una supuesta \u201cinmunidad reba\u00f1o\u201d.<\/p>\n\n\n\n<p>El Jefe de Estado se\u00f1al\u00f3 que es un argumento falso, dado que \u201cla inmunidad reba\u00f1o as\u00ed conocida no va a existir\u201d.<\/p>\n\n\n\n<p>\u201cSe est\u00e1 creando un problema grave que nos afecta a toda la humanidad y sobre todo nosotros los latinoamericano, en un llamado este tema, la pandemia no ha pasado\u201d denunci\u00f3.<\/p>\n\n\n\n<p>Exhort\u00f3 al pueblo venezolano a no descuidar las medidas de bioseguridad y puntualiz\u00f3 que esta pandemia solo acabar\u00e1 con \u201cel surgimiento de la vacuna que cree inmunidad total contra el Coronavirus -permanente o parcial- (\u2026) o que existan los tratamientos que corten el Coronavirus\u201d, acot\u00f3.<\/p>\n\n\n\n<p><strong>Prensa Presidencial\/Eduardo Hueck<\/strong><\/p>\n","protected":false},"excerpt":{"rendered":"<p>Palacio de Miraflores, Caracas.- El presidente de la Rep\u00fablica Bolivariana de Venezuela, Nicol\u00e1s Maduro Moros, en atenci\u00f3n a la recomendaci\u00f3n del Comit\u00e9 Terap\u00e9utico de la Comisi\u00f3n Presidencial contra la COVID-19, anunci\u00f3 que \u201ca partir de esta semana, asumiremos la vacuna de refuerzo despu\u00e9s de cuatro meses de la vacuna principal\u00bb. Al respecto, la vicepresidenta Ejecutiva, [&hellip;]<\/p>\n","protected":false},"author":6,"featured_media":1283,"comment_status":"open","ping_status":"open","sticky":false,"template":"","format":"standard","meta":{"footnotes":""},"categories":[7],"tags":[],"class_list":["post-1282","post","type-post","status-publish","format-standard","has-post-thumbnail","hentry","category-notas-de-prensa"],"_links":{"self":[{"href":"https:\/\/prensapresidencialvenezuela.gob.ve\/index.php\/wp-json\/wp\/v2\/posts\/1282","targetHints":{"allow":["GET"]}}],"collection":[{"href":"https:\/\/prensapresidencialvenezuela.gob.ve\/index.php\/wp-json\/wp\/v2\/posts"}],"about":[{"href":"https:\/\/prensapresidencialvenezuela.gob.ve\/index.php\/wp-json\/wp\/v2\/types\/post"}],"author":[{"embeddable":true,"href":"https:\/\/prensapresidencialvenezuela.gob.ve\/index.php\/wp-json\/wp\/v2\/users\/6"}],"replies":[{"embeddable":true,"href":"https:\/\/prensapresidencialvenezuela.gob.ve\/index.php\/wp-json\/wp\/v2\/comments?post=1282"}],"version-history":[{"count":1,"href":"https:\/\/prensapresidencialvenezuela.gob.ve\/index.php\/wp-json\/wp\/v2\/posts\/1282\/revisions"}],"predecessor-version":[{"id":1284,"href":"https:\/\/prensapresidencialvenezuela.gob.ve\/index.php\/wp-json\/wp\/v2\/posts\/1282\/revisions\/1284"}],"wp:featuredmedia":[{"embeddable":true,"href":"https:\/\/prensapresidencialvenezuela.gob.ve\/index.php\/wp-json\/wp\/v2\/media\/1283"}],"wp:attachment":[{"href":"https:\/\/prensapresidencialvenezuela.gob.ve\/index.php\/wp-json\/wp\/v2\/media?parent=1282"}],"wp:term":[{"taxonomy":"category","embeddable":true,"href":"https:\/\/prensapresidencialvenezuela.gob.ve\/index.php\/wp-json\/wp\/v2\/categories?post=1282"},{"taxonomy":"post_tag","embeddable":true,"href":"https:\/\/prensapresidencialvenezuela.gob.ve\/index.php\/wp-json\/wp\/v2\/tags?post=1282"}],"curies":[{"name":"wp","href":"https:\/\/api.w.org\/{rel}","templated":true}]}}