{"id":12822,"date":"2024-08-03T20:29:09","date_gmt":"2024-08-04T00:29:09","guid":{"rendered":"https:\/\/prensapresidencialvenezuela.gob.ve\/?p=12822"},"modified":"2024-08-03T20:29:09","modified_gmt":"2024-08-04T00:29:09","slug":"incumplimiento-de-citaciones-judiciales-constituye-grave-desacato-a-la-ley","status":"publish","type":"post","link":"https:\/\/prensapresidencialvenezuela.gob.ve\/index.php\/2024\/08\/03\/incumplimiento-de-citaciones-judiciales-constituye-grave-desacato-a-la-ley\/","title":{"rendered":"Incumplimiento de citaciones judiciales constituye grave desacato a la ley"},"content":{"rendered":"\n<p><strong>Palacio de Miraflores, Caracas.<\/strong>&#8211; \u201c\u00c9l sabe que no tiene nada, qued\u00f3 desnudo Gonz\u00e1lez Urrutia, quedaste desnudo es la verdad. Yo lo que quiero que se imponga la ley para que haya justicia, para que haya paz y le respeten el derecho a la paz, a la prosperidad y al trabajo a Venezuela y nuestro derecho a la independencia, a la soberan\u00eda\u201d.<\/p>\n\n\n\n<p>Las palabras corresponden al presidente de la Rep\u00fablica Bolivariana de Venezuela, Nicol\u00e1s Maduro, durante rueda de prensa internacional, en el Palacio de Gobierno, al referirse a la ausencia de Gonz\u00e1lez Urrutia, tras la convocatoria realizada por el Tribunal Supremo de Justicia (TSJ).<\/p>\n\n\n\n<p>El Presidente tambi\u00e9n mencion\u00f3 la preocupaci\u00f3n de la familia del ex-candidato, Edmundo Gonz\u00e1lez, ante las circunstancias, indicando que el incumplimiento de las citaciones judiciales constituir\u00eda un grave desacato a la ley y la justicia.<\/p>\n\n\n\n<p>\u201cEl se\u00f1or \u2013Edmundo- Gonz\u00e1lez Urrutia que me escucha todo lo que yo hablo y su familia, su familia est\u00e1 alarmada, su se\u00f1ora esposa, su hija, su yerno, est\u00e1n alarmados por lo que le est\u00e1n haciendo hacer y saben que si ese se\u00f1or no va al tribunal ya es un desacato grave a la ley y a la justicia\u201d, denunci\u00f3.<\/p>\n\n\n\n<p>En este sentido, subray\u00f3 que tanto los abogados, amigos y pol\u00edticos saben que \u201c\u00e9l \u2013Edmundo Gonz\u00e1lez- &nbsp;no tiene nada y que si \u00e9l da la cara ante el tribunal y no consigna ni un acta hay consecuencias legales grav\u00edsimas\u201d, al tiempo que indic\u00f3 a l\u00edderes y partidos pol\u00edticos de oposici\u00f3n que \u201clos sacaron del curso pol\u00edtico electoral y con esa p\u00e1gina web los hundieron\u201d.<\/p>\n\n\n\n<p>Maduro se\u00f1al\u00f3 su disposici\u00f3n de estar a la orden del Tribunal Supremo de Justicia y proporcionar toda la documentaci\u00f3n requerida, destacando la preparaci\u00f3n y transparencia destacando presentarse ante el tribunal cuando as\u00ed le sea indicado.<\/p>\n\n\n\n<p>\u201cCuando el Tribunal Supremo de Justicia lo diga, estaremos all\u00e1 para responder cuestionarios, preguntas, requerimientos y cuando lo pida entregaremos el 100% por ciento de las actas del Gran Polo Patri\u00f3tico y del Partido Socialista Unido de Venezuela. Puedo decir que estamos listos, estamos preparados. No quiero show ni comiquita las actas las tenemos completicas, originales\u201d, indic\u00f3.<\/p>\n\n\n\n<p>Asimismo, hizo referencia a una p\u00e1gina web vinculada a la ultra derecha, agradeciendo a los responsables, porque \u201cellos demostraron su falsedad, hoy habiendo revisado el cien por ciento de lo que han publicado ah\u00ed es incre\u00edble, lo que dijo Dur\u00e1n Barbas, uno de los asesores de Mauricio Macri, Javier Milei, de la ultraderecha en Am\u00e9rica del Sur, le dijo a la Machado: mira Machado, hasta para mentir hay que saber mentir\u201d, precis\u00f3 Maduro.<\/p>\n\n\n\n<p><strong>Prensa Presidencial \/ Eduardo Hueck<\/strong><\/p>\n\n\n\n<figure class=\"wp-block-table\"><table class=\"has-fixed-layout\"><tbody><tr><td><\/td><td><\/td><\/tr><\/tbody><\/table><\/figure>\n\n\n\n<p><\/p>\n","protected":false},"excerpt":{"rendered":"<p>Palacio de Miraflores, Caracas.&#8211; \u201c\u00c9l sabe que no tiene nada, qued\u00f3 desnudo Gonz\u00e1lez Urrutia, quedaste desnudo es la verdad. Yo lo que quiero que se imponga la ley para que haya justicia, para que haya paz y le respeten el derecho a la paz, a la prosperidad y al trabajo a Venezuela y nuestro derecho [&hellip;]<\/p>\n","protected":false},"author":1,"featured_media":12823,"comment_status":"open","ping_status":"open","sticky":false,"template":"","format":"standard","meta":{"footnotes":""},"categories":[18,7],"tags":[515,738],"class_list":["post-12822","post","type-post","status-publish","format-standard","has-post-thumbnail","hentry","category-noticias-principales","category-notas-de-prensa","tag-ley","tag-tsj"],"_links":{"self":[{"href":"https:\/\/prensapresidencialvenezuela.gob.ve\/index.php\/wp-json\/wp\/v2\/posts\/12822","targetHints":{"allow":["GET"]}}],"collection":[{"href":"https:\/\/prensapresidencialvenezuela.gob.ve\/index.php\/wp-json\/wp\/v2\/posts"}],"about":[{"href":"https:\/\/prensapresidencialvenezuela.gob.ve\/index.php\/wp-json\/wp\/v2\/types\/post"}],"author":[{"embeddable":true,"href":"https:\/\/prensapresidencialvenezuela.gob.ve\/index.php\/wp-json\/wp\/v2\/users\/1"}],"replies":[{"embeddable":true,"href":"https:\/\/prensapresidencialvenezuela.gob.ve\/index.php\/wp-json\/wp\/v2\/comments?post=12822"}],"version-history":[{"count":1,"href":"https:\/\/prensapresidencialvenezuela.gob.ve\/index.php\/wp-json\/wp\/v2\/posts\/12822\/revisions"}],"predecessor-version":[{"id":12824,"href":"https:\/\/prensapresidencialvenezuela.gob.ve\/index.php\/wp-json\/wp\/v2\/posts\/12822\/revisions\/12824"}],"wp:featuredmedia":[{"embeddable":true,"href":"https:\/\/prensapresidencialvenezuela.gob.ve\/index.php\/wp-json\/wp\/v2\/media\/12823"}],"wp:attachment":[{"href":"https:\/\/prensapresidencialvenezuela.gob.ve\/index.php\/wp-json\/wp\/v2\/media?parent=12822"}],"wp:term":[{"taxonomy":"category","embeddable":true,"href":"https:\/\/prensapresidencialvenezuela.gob.ve\/index.php\/wp-json\/wp\/v2\/categories?post=12822"},{"taxonomy":"post_tag","embeddable":true,"href":"https:\/\/prensapresidencialvenezuela.gob.ve\/index.php\/wp-json\/wp\/v2\/tags?post=12822"}],"curies":[{"name":"wp","href":"https:\/\/api.w.org\/{rel}","templated":true}]}}