{"id":12828,"date":"2024-08-03T21:23:44","date_gmt":"2024-08-04T01:23:44","guid":{"rendered":"https:\/\/prensapresidencialvenezuela.gob.ve\/?p=12828"},"modified":"2024-08-03T21:51:43","modified_gmt":"2024-08-04T01:51:43","slug":"presidente-maduro-anuncio-activacion-de-dialogos-en-los-proximos-dias","status":"publish","type":"post","link":"https:\/\/prensapresidencialvenezuela.gob.ve\/index.php\/2024\/08\/03\/presidente-maduro-anuncio-activacion-de-dialogos-en-los-proximos-dias\/","title":{"rendered":"Presidente Maduro anunci\u00f3 activaci\u00f3n del decreto firmado para los cinco di\u00e1logos"},"content":{"rendered":"\n<p><strong>Palacio de Miraflores, Caracas.-<\/strong> Con el prop\u00f3sito de avanzar hac\u00eda nuevos consensos en paz y lograr atender todas las opiniones y las cr\u00edticas m\u00e1s duras provenientes del pueblo, el presidente de la Rep\u00fablica Bolivariana de Venezuela, Nicol\u00e1s Maduro Moros, activar\u00e1 en los pr\u00f3ximos d\u00edas el decreto firmado para los cinco di\u00e1logos.<\/p>\n\n\n\n<p>\u201cYo s\u00ed creo en el di\u00e1logo (\u2026), cinco di\u00e1logos, Venezuela debe avanzar hacia nuevos consensos en paz. O\u00edr todas las opiniones, o\u00edr hasta las cr\u00edticas m\u00e1s duras que vengan del pueblo\u201d, expres\u00f3 el presidente.<\/p>\n\n\n\n<p>En este sentido, indic\u00f3 que este dialog\u00f3 es \u201c(\u2026) para nosotros reaprender, reformular el plan y seguir avanzando con un plan perfeccionado con la opini\u00f3n del pueblo\u201d, explic\u00f3.<\/p>\n\n\n\n<p>Durante sus declaraciones, Maduro resalt\u00f3 la importancia de los cinco di\u00e1logos: el econ\u00f3mico para fortalecer la econom\u00eda del pa\u00eds, el social para mejorar los ingresos y las pensiones, destacando que \u201cllevar\u00e9 muy pronto a la Asamblea Nacional la Ley Antibloqueo para mejorar sustancialmente los ingresos y las pensiones del pa\u00eds\u201d.<\/p>\n\n\n\n<p>En el \u00e1rea cultural para promover la diversidad art\u00edstica y enfrentar la persecuci\u00f3n fascista contra los artistas, \u201ca un actor le dicen sino te pronuncia contra Maduro eres nuestro enemigo vamos por ti \u00bfC\u00f3mo se llama eso? Fascismo\u201d, detall\u00f3.<\/p>\n\n\n\n<p>Asimismo, el religioso y moral para promover la armon\u00eda entre las diferentes pr\u00e1cticas espirituales, y el pol\u00edtico con la condici\u00f3n de respetar la constituci\u00f3n y todas sus instituciones.<\/p>\n\n\n\n<p>Maduro inst\u00f3 a que todos los sectores que respeten la constituci\u00f3n participen en el di\u00e1logo con la visi\u00f3n de construir un futuro inclusivo para Venezuela.<\/p>\n\n\n\n<p>\u00abVenezuela no le pertenece a una tolda pol\u00edtica, le pertenece a todos los hombres y mujeres que nacimos y vivimos bajo este cielo hermoso\u00bb, subray\u00f3.<\/p>\n\n\n\n<p><strong>Prensa Presidencial \/ Eduardo Hueck<\/strong><\/p>\n","protected":false},"excerpt":{"rendered":"<p>Palacio de Miraflores, Caracas.- Con el prop\u00f3sito de avanzar hac\u00eda nuevos consensos en paz y lograr atender todas las opiniones y las cr\u00edticas m\u00e1s duras provenientes del pueblo, el presidente de la Rep\u00fablica Bolivariana de Venezuela, Nicol\u00e1s Maduro Moros, activar\u00e1 en los pr\u00f3ximos d\u00edas el decreto firmado para los cinco di\u00e1logos. \u201cYo s\u00ed creo en [&hellip;]<\/p>\n","protected":false},"author":1,"featured_media":12829,"comment_status":"open","ping_status":"open","sticky":false,"template":"","format":"standard","meta":{"footnotes":""},"categories":[18,7],"tags":[741,512],"class_list":["post-12828","post","type-post","status-publish","format-standard","has-post-thumbnail","hentry","category-noticias-principales","category-notas-de-prensa","tag-activacion","tag-dialogos"],"_links":{"self":[{"href":"https:\/\/prensapresidencialvenezuela.gob.ve\/index.php\/wp-json\/wp\/v2\/posts\/12828","targetHints":{"allow":["GET"]}}],"collection":[{"href":"https:\/\/prensapresidencialvenezuela.gob.ve\/index.php\/wp-json\/wp\/v2\/posts"}],"about":[{"href":"https:\/\/prensapresidencialvenezuela.gob.ve\/index.php\/wp-json\/wp\/v2\/types\/post"}],"author":[{"embeddable":true,"href":"https:\/\/prensapresidencialvenezuela.gob.ve\/index.php\/wp-json\/wp\/v2\/users\/1"}],"replies":[{"embeddable":true,"href":"https:\/\/prensapresidencialvenezuela.gob.ve\/index.php\/wp-json\/wp\/v2\/comments?post=12828"}],"version-history":[{"count":2,"href":"https:\/\/prensapresidencialvenezuela.gob.ve\/index.php\/wp-json\/wp\/v2\/posts\/12828\/revisions"}],"predecessor-version":[{"id":12831,"href":"https:\/\/prensapresidencialvenezuela.gob.ve\/index.php\/wp-json\/wp\/v2\/posts\/12828\/revisions\/12831"}],"wp:featuredmedia":[{"embeddable":true,"href":"https:\/\/prensapresidencialvenezuela.gob.ve\/index.php\/wp-json\/wp\/v2\/media\/12829"}],"wp:attachment":[{"href":"https:\/\/prensapresidencialvenezuela.gob.ve\/index.php\/wp-json\/wp\/v2\/media?parent=12828"}],"wp:term":[{"taxonomy":"category","embeddable":true,"href":"https:\/\/prensapresidencialvenezuela.gob.ve\/index.php\/wp-json\/wp\/v2\/categories?post=12828"},{"taxonomy":"post_tag","embeddable":true,"href":"https:\/\/prensapresidencialvenezuela.gob.ve\/index.php\/wp-json\/wp\/v2\/tags?post=12828"}],"curies":[{"name":"wp","href":"https:\/\/api.w.org\/{rel}","templated":true}]}}