{"id":12834,"date":"2024-08-04T14:50:32","date_gmt":"2024-08-04T18:50:32","guid":{"rendered":"https:\/\/prensapresidencialvenezuela.gob.ve\/?p=12834"},"modified":"2024-08-04T16:14:43","modified_gmt":"2024-08-04T20:14:43","slug":"presidente-brinda-respuesta-inmediata-a-victimas-de-los-ataques-fascistas","status":"publish","type":"post","link":"https:\/\/prensapresidencialvenezuela.gob.ve\/index.php\/2024\/08\/04\/presidente-brinda-respuesta-inmediata-a-victimas-de-los-ataques-fascistas\/","title":{"rendered":"Presidente da respuesta inmediata a v\u00edctimas de los ataques fascistas"},"content":{"rendered":"\n<p><strong>Palacio de Miraflores, Caracas.-<\/strong> El Gobierno Bolivariano humanista, al frente el presidente constitucional de la Rep\u00fablica Bolivariana de Venezuela, Nicol\u00e1s Maduro, brinda respuesta inmediata a las v\u00edctimas de los ataques fascistas y del odio desatado despu\u00e9s del 28 de julio y que son orquestados por la derecha extremista y financiados por Estados Unidos.<\/p>\n\n\n\n<p>El Oficial de la Polic\u00eda Nacional Bolivariana (PNB), Eduar Joan Gonz\u00e1lez Espinoza, recibi\u00f3 las llaves de su carro nuevo en el Palacio de Miraflores como un acto de solidaridad del jefe de Estado venezolano.<\/p>\n\n\n\n<p>El oficial fue v\u00edctima del odio desmedido de los llamados \u201ccomanditos\u201d que atentaron contra la integridad f\u00edsica y quemaron su veh\u00edculo en el sector de Ruperto Lugo, en Catia, en la ciudad de Caracas.<\/p>\n\n\n\n<p>Sobre esta acci\u00f3n terrorista, el Dignatario nacional ha destacado que significa la mayor prueba del odio por la gente humilde y lo calific\u00f3 como un acto completamente criminal, por lo que se comprometi\u00f3 a protegerlo y reponerle su carro.<\/p>\n\n\n\n<p>Fue una palabra cumplida por el Mandatario nacional, una vez m\u00e1s, frente a los violentos que no aceptan la derrota del domingo 28 de julio.<\/p>\n\n\n\n<p><strong>Prensa Presidencial<\/strong><\/p>\n","protected":false},"excerpt":{"rendered":"<p>Palacio de Miraflores, Caracas.- El Gobierno Bolivariano humanista, al frente el presidente constitucional de la Rep\u00fablica Bolivariana de Venezuela, Nicol\u00e1s Maduro, brinda respuesta inmediata a las v\u00edctimas de los ataques fascistas y del odio desatado despu\u00e9s del 28 de julio y que son orquestados por la derecha extremista y financiados por Estados Unidos. El Oficial [&hellip;]<\/p>\n","protected":false},"author":1,"featured_media":12835,"comment_status":"open","ping_status":"open","sticky":false,"template":"","format":"standard","meta":{"footnotes":""},"categories":[18,7],"tags":[628],"class_list":["post-12834","post","type-post","status-publish","format-standard","has-post-thumbnail","hentry","category-noticias-principales","category-notas-de-prensa","tag-respaldo"],"_links":{"self":[{"href":"https:\/\/prensapresidencialvenezuela.gob.ve\/index.php\/wp-json\/wp\/v2\/posts\/12834","targetHints":{"allow":["GET"]}}],"collection":[{"href":"https:\/\/prensapresidencialvenezuela.gob.ve\/index.php\/wp-json\/wp\/v2\/posts"}],"about":[{"href":"https:\/\/prensapresidencialvenezuela.gob.ve\/index.php\/wp-json\/wp\/v2\/types\/post"}],"author":[{"embeddable":true,"href":"https:\/\/prensapresidencialvenezuela.gob.ve\/index.php\/wp-json\/wp\/v2\/users\/1"}],"replies":[{"embeddable":true,"href":"https:\/\/prensapresidencialvenezuela.gob.ve\/index.php\/wp-json\/wp\/v2\/comments?post=12834"}],"version-history":[{"count":3,"href":"https:\/\/prensapresidencialvenezuela.gob.ve\/index.php\/wp-json\/wp\/v2\/posts\/12834\/revisions"}],"predecessor-version":[{"id":12838,"href":"https:\/\/prensapresidencialvenezuela.gob.ve\/index.php\/wp-json\/wp\/v2\/posts\/12834\/revisions\/12838"}],"wp:featuredmedia":[{"embeddable":true,"href":"https:\/\/prensapresidencialvenezuela.gob.ve\/index.php\/wp-json\/wp\/v2\/media\/12835"}],"wp:attachment":[{"href":"https:\/\/prensapresidencialvenezuela.gob.ve\/index.php\/wp-json\/wp\/v2\/media?parent=12834"}],"wp:term":[{"taxonomy":"category","embeddable":true,"href":"https:\/\/prensapresidencialvenezuela.gob.ve\/index.php\/wp-json\/wp\/v2\/categories?post=12834"},{"taxonomy":"post_tag","embeddable":true,"href":"https:\/\/prensapresidencialvenezuela.gob.ve\/index.php\/wp-json\/wp\/v2\/tags?post=12834"}],"curies":[{"name":"wp","href":"https:\/\/api.w.org\/{rel}","templated":true}]}}